{"id":37008,"date":"2018-07-23T21:27:53","date_gmt":"2018-07-24T00:27:53","guid":{"rendered":"https:\/\/eldiariodesanpedro.com.ar\/sitio\/?p=37008"},"modified":"2018-07-23T21:27:53","modified_gmt":"2018-07-24T00:27:53","slug":"los-museos-son-los-sitios-en-los-que-el-tiempo-se-transforma-en-espacio","status":"publish","type":"post","link":"https:\/\/eldiariodesanpedro.com.ar\/sitio\/los-museos-son-los-sitios-en-los-que-el-tiempo-se-transforma-en-espacio\/","title":{"rendered":"\u201cLos Museos son los sitios en los que el tiempo se transforma en espacio\u201d"},"content":{"rendered":"<p><!-- VideographyWP Plugin Message: Automatic video embedding prevented by plugin options. --><br \/>\nEl Museo Hist\u00f3rico Regional \u201cFray Jos\u00e9 Mar\u00eda Bottaro\u201d, bajo la coordinaci\u00f3n del Centro de Estudios Hist\u00f3ricos, se propone d\u00eda a d\u00eda rescatar la cultura de San Pedro y mantener viva la memoria, llevando a cabo actividades donde tambi\u00e9n se busca transitar por el sendero del movimiento para que nada desaparezca en huellas ins\u00edpidas marcadas por el desamor.<\/p>\n<p>  Con estas premisas se llev\u00f3 a cabo por primera vez un magn\u00edfico paseo de d\u00eda completo el domingo 15 de julio recorriendo parte de los pueblos que se resisten a morir por la indiferencia de muchos.<\/p>\n<p>  En esta jornada se mantuvo viva la memoria de Eduardo Depietri a trav\u00e9s de las antiguas estaciones su ferrocarril; Ingeniero Moneta con su inigualable t\u00fanel verde; Beladrich y su almac\u00e9n de anta\u00f1o; Puente de Hierro o Andrade; Arroyo Burgos; Pueblo Doyle. En cada una de las visitas se realiz\u00f3 una parada para sumergir al visitante en la vida cotidiana de la sociedad local en tiempos de progreso.<\/p>\n<p>  Todos quienes trabajan desinteresadamente en pos del Centro de Estudios Hist\u00f3ricos y del Museo agradecen enormemente el acompa\u00f1amiento de todas y cada una de las 54 personas que se sumaron al proyecto.<\/p>\n<p>  Aprovechando esta oportunidad se invita a todos aquellos que deseen sumar esfuerzos y acompa\u00f1ar en los proyectos venideros.<\/p>\n","protected":false},"excerpt":{"rendered":"<p>El Museo Hist\u00f3rico Regional \u201cFray Jos\u00e9 Mar\u00eda Bottaro\u201d, bajo la coordinaci\u00f3n del Centro de Estudios Hist\u00f3ricos, se propone d\u00eda a d\u00eda rescatar la cultura de San Pedro y mantener viva la memoria, llevando a cabo actividades donde tambi\u00e9n se busca transitar por el sendero del movimiento para que nada desaparezca en huellas ins\u00edpidas marcadas por [&hellip;]<\/p>\n","protected":false},"author":4,"featured_media":37009,"comment_status":"open","ping_status":"closed","sticky":false,"template":"","format":"standard","meta":{"om_disable_all_campaigns":false,"_jetpack_memberships_contains_paid_content":false,"footnotes":""},"categories":[101,2],"tags":[],"class_list":["post-37008","post","type-post","status-publish","format-standard","has-post-thumbnail","hentry","category-interes-general-locales","category-locales"],"aioseo_notices":[],"gutentor_comment":0,"jetpack_featured_media_url":"https:\/\/eldiariodesanpedro.com.ar\/sitio\/wp-content\/uploads\/2018\/07\/jornada-MUSEOs-HISToRICOs.jpg","jetpack_shortlink":"https:\/\/wp.me\/p6RhLt-9CU","jetpack_sharing_enabled":true,"_links":{"self":[{"href":"https:\/\/eldiariodesanpedro.com.ar\/sitio\/wp-json\/wp\/v2\/posts\/37008","targetHints":{"allow":["GET"]}}],"collection":[{"href":"https:\/\/eldiariodesanpedro.com.ar\/sitio\/wp-json\/wp\/v2\/posts"}],"about":[{"href":"https:\/\/eldiariodesanpedro.com.ar\/sitio\/wp-json\/wp\/v2\/types\/post"}],"author":[{"embeddable":true,"href":"https:\/\/eldiariodesanpedro.com.ar\/sitio\/wp-json\/wp\/v2\/users\/4"}],"replies":[{"embeddable":true,"href":"https:\/\/eldiariodesanpedro.com.ar\/sitio\/wp-json\/wp\/v2\/comments?post=37008"}],"version-history":[{"count":1,"href":"https:\/\/eldiariodesanpedro.com.ar\/sitio\/wp-json\/wp\/v2\/posts\/37008\/revisions"}],"predecessor-version":[{"id":37011,"href":"https:\/\/eldiariodesanpedro.com.ar\/sitio\/wp-json\/wp\/v2\/posts\/37008\/revisions\/37011"}],"wp:featuredmedia":[{"embeddable":true,"href":"https:\/\/eldiariodesanpedro.com.ar\/sitio\/wp-json\/wp\/v2\/media\/37009"}],"wp:attachment":[{"href":"https:\/\/eldiariodesanpedro.com.ar\/sitio\/wp-json\/wp\/v2\/media?parent=37008"}],"wp:term":[{"taxonomy":"category","embeddable":true,"href":"https:\/\/eldiariodesanpedro.com.ar\/sitio\/wp-json\/wp\/v2\/categories?post=37008"},{"taxonomy":"post_tag","embeddable":true,"href":"https:\/\/eldiariodesanpedro.com.ar\/sitio\/wp-json\/wp\/v2\/tags?post=37008"}],"curies":[{"name":"wp","href":"https:\/\/api.w.org\/{rel}","templated":true}]}}