{"id":37007,"date":"2018-07-23T21:36:02","date_gmt":"2018-07-24T00:36:02","guid":{"rendered":"https:\/\/eldiariodesanpedro.com.ar\/sitio\/?p=37007"},"modified":"2018-07-23T21:36:02","modified_gmt":"2018-07-24T00:36:02","slug":"incendio-en-juanes-resto-bar","status":"publish","type":"post","link":"https:\/\/eldiariodesanpedro.com.ar\/sitio\/incendio-en-juanes-resto-bar\/","title":{"rendered":"Incendio en Juanes Resto Bar"},"content":{"rendered":"<p><!-- VideographyWP Plugin Message: Automatic video embedding prevented by plugin options. --><br \/>\nEsta noche , a las 21:00hs, se produjo un siniestro en la cocina de un Restorant, llamado Juanes Resto Bar, ubicado en intersecci\u00f3n de calle Belgrano y Guemes.<\/p>\n<p>Una dotaci\u00f3n de bomberos se dirigi\u00f3 al lugar logrando apagar el fuego que se hab\u00eda producido arriba del horno pizzero, que se encuentra en la cocina donde habian dejado cajas de madera que al prenderlo con la temperatura del mismo empezaron arder en llamas.<\/p>\n<p>C\u00f3mo consecuencia nadie result\u00f3 herido, ya que se encontraba personal trabajando que r\u00e1pidamente egresaron del Restorant al momento del siniestro.<\/p>\n<p><img decoding=\"async\" data-attachment-id=\"37015\" data-permalink=\"https:\/\/eldiariodesanpedro.com.ar\/sitio\/incendio-en-juanes-resto-bar\/img_20180723_212802\/\" data-orig-file=\"https:\/\/eldiariodesanpedro.com.ar\/sitio\/wp-content\/uploads\/2018\/07\/IMG_20180723_212802-e1532392502457.jpg\" data-orig-size=\"800,450\" data-comments-opened=\"1\" data-image-meta=\"{&quot;aperture&quot;:&quot;2&quot;,&quot;credit&quot;:&quot;&quot;,&quot;camera&quot;:&quot;MotoG3&quot;,&quot;caption&quot;:&quot;&quot;,&quot;created_timestamp&quot;:&quot;1532379373&quot;,&quot;copyright&quot;:&quot;&quot;,&quot;focal_length&quot;:&quot;3.64&quot;,&quot;iso&quot;:&quot;1000&quot;,&quot;shutter_speed&quot;:&quot;0&quot;,&quot;title&quot;:&quot;&quot;,&quot;orientation&quot;:&quot;1&quot;}\" data-image-title=\"IMG_20180723_212802\" data-image-description=\"\" data-image-caption=\"\" data-large-file=\"https:\/\/eldiariodesanpedro.com.ar\/sitio\/wp-content\/uploads\/2018\/07\/IMG_20180723_212802-1024x576.jpg\" class=\"alignnone size-large wp-image-37015 lazyload\" data-src=\"https:\/\/eldiariodesanpedro.com.ar\/sitio\/wp-content\/uploads\/2018\/07\/IMG_20180723_212802-1024x576.jpg\" alt=\"\" width=\"660\" height=\"371\" src=\"data:image\/svg+xml;base64,PHN2ZyB3aWR0aD0iMSIgaGVpZ2h0PSIxIiB4bWxucz0iaHR0cDovL3d3dy53My5vcmcvMjAwMC9zdmciPjwvc3ZnPg==\" style=\"--smush-placeholder-width: 660px; --smush-placeholder-aspect-ratio: 660\/371;\" \/><\/p>\n","protected":false},"excerpt":{"rendered":"<p>Esta noche , a las 21:00hs, se produjo un siniestro en la cocina de un Restorant, llamado Juanes Resto Bar, ubicado en intersecci\u00f3n de calle Belgrano y Guemes. Una dotaci\u00f3n de bomberos se dirigi\u00f3 al lugar logrando apagar el fuego que se hab\u00eda producido arriba del horno pizzero, que se encuentra en la cocina donde [&hellip;]<\/p>\n","protected":false},"author":4,"featured_media":37014,"comment_status":"open","ping_status":"closed","sticky":false,"template":"","format":"standard","meta":{"om_disable_all_campaigns":false,"_jetpack_memberships_contains_paid_content":false,"footnotes":""},"categories":[2,103],"tags":[],"class_list":["post-37007","post","type-post","status-publish","format-standard","has-post-thumbnail","hentry","category-locales","category-policiales-locales"],"aioseo_notices":[],"gutentor_comment":0,"jetpack_featured_media_url":"https:\/\/eldiariodesanpedro.com.ar\/sitio\/wp-content\/uploads\/2018\/07\/IMG_20180723_212745.jpg","jetpack_shortlink":"https:\/\/wp.me\/p6RhLt-9CT","jetpack_sharing_enabled":true,"_links":{"self":[{"href":"https:\/\/eldiariodesanpedro.com.ar\/sitio\/wp-json\/wp\/v2\/posts\/37007","targetHints":{"allow":["GET"]}}],"collection":[{"href":"https:\/\/eldiariodesanpedro.com.ar\/sitio\/wp-json\/wp\/v2\/posts"}],"about":[{"href":"https:\/\/eldiariodesanpedro.com.ar\/sitio\/wp-json\/wp\/v2\/types\/post"}],"author":[{"embeddable":true,"href":"https:\/\/eldiariodesanpedro.com.ar\/sitio\/wp-json\/wp\/v2\/users\/4"}],"replies":[{"embeddable":true,"href":"https:\/\/eldiariodesanpedro.com.ar\/sitio\/wp-json\/wp\/v2\/comments?post=37007"}],"version-history":[{"count":1,"href":"https:\/\/eldiariodesanpedro.com.ar\/sitio\/wp-json\/wp\/v2\/posts\/37007\/revisions"}],"predecessor-version":[{"id":37017,"href":"https:\/\/eldiariodesanpedro.com.ar\/sitio\/wp-json\/wp\/v2\/posts\/37007\/revisions\/37017"}],"wp:featuredmedia":[{"embeddable":true,"href":"https:\/\/eldiariodesanpedro.com.ar\/sitio\/wp-json\/wp\/v2\/media\/37014"}],"wp:attachment":[{"href":"https:\/\/eldiariodesanpedro.com.ar\/sitio\/wp-json\/wp\/v2\/media?parent=37007"}],"wp:term":[{"taxonomy":"category","embeddable":true,"href":"https:\/\/eldiariodesanpedro.com.ar\/sitio\/wp-json\/wp\/v2\/categories?post=37007"},{"taxonomy":"post_tag","embeddable":true,"href":"https:\/\/eldiariodesanpedro.com.ar\/sitio\/wp-json\/wp\/v2\/tags?post=37007"}],"curies":[{"name":"wp","href":"https:\/\/api.w.org\/{rel}","templated":true}]}}