{"id":370,"date":"2015-11-13T11:10:41","date_gmt":"2015-11-13T14:10:41","guid":{"rendered":"http:\/\/www.eldiariodesanpedro.com.ar\/?p=370"},"modified":"2015-11-13T11:10:41","modified_gmt":"2015-11-13T14:10:41","slug":"suecia-impuso-controles-en-sus-fronteras-por-el-aluvion-de-solicitantes-de-asilo","status":"publish","type":"post","link":"https:\/\/eldiariodesanpedro.com.ar\/sitio\/suecia-impuso-controles-en-sus-fronteras-por-el-aluvion-de-solicitantes-de-asilo\/","title":{"rendered":"Suecia impuso controles en sus fronteras por el aluvi\u00f3n de solicitantes de asilo"},"content":{"rendered":"<p><!-- VideographyWP Plugin Message: Automatic video embedding prevented by plugin options. --><br \/>\nSuecia impuso hoy controles fronterizos de forma provisional durante 10 d\u00edas en el sur y oeste del pa\u00eds para organizar el sistema de recepci\u00f3n de refugiados, desbordado por un brusco aumento de la llegada de solicitantes de asilo.<br \/>\nLa medida, anunciada anoche de forma inesperada por el gobierno sueco, obedece a una recomendaci\u00f3n de la Direcci\u00f3n General de Migraciones, que en los \u00faltimos dos meses y medio ha registrado 80.000 peticiones, tantas como en todo el a\u00f1o pasado.<br \/>\n\u00abCuando las autoridades nos dicen que est\u00e1n intranquilas por la seguridad y el orden en el pa\u00eds, entonces introducimos esas medidas\u00bb, dijo hoy el primer ministro sueco, Stefan Lofven, en declaraciones al margen de una cumbre de la UE y pa\u00edses africanos en Malta por la crisis de refugiados en Europa.<br \/>\n\u00abEs una cuesti\u00f3n de organizaci\u00f3n\u00bb, agreg\u00f3 el premier.<br \/>\nSuecia ech\u00f3 mano a una cl\u00e1usula del reglamento de Schengen que permite restituir controles temporales cuando existe amenaza para la seguridad interna, posibilidad a la que han recurrido recientemente pa\u00edses como Alemania o Austria.<br \/>\nCasi 800.000 migrantes llegaron a Europa por el mar Mediterr\u00e1neo en lo que va de 2015, la mayor\u00eda de ellos escapando de guerras en \u00c1frica, Medio Oriente o el centro de Asia. El grueso emigra desde Turqu\u00eda hacia Grecia y luego sigue a pie hacia el Norte en busca de asentarse sobre todo en Alemania o Suecia.<br \/>\nSeg\u00fan el \u00faltimo pron\u00f3stico del gobierno sueco, se espera que en 2015 lleguen al pa\u00eds n\u00f3rdico entre 140.000 y 190.000 solicitantes, m\u00e1s del doble que la previsi\u00f3n hecha hace cuatro meses.<br \/>\nEn el primer d\u00eda de controles, polic\u00edas suecos realizaron desde el mediod\u00eda de hoy controles selectivos en los trenes que llegan a Malmoe desde Copenhague por el puente del estrecho del Sund, inform\u00f3 la agencia de noticias EFE.<br \/>\nAdem\u00e1s, las navieras que conectan Dinamarca y Alemania con Suecia han empezado a exigir identificaci\u00f3n a sus pasajeros, hasta que entre en vigor en una semana una nueva normativa que trasladar\u00e1 esa responsabilidad a las autoridades.<br \/>\nLas autoridades del estado alem\u00e1n de Schleswig-Holstein, del que parten la mayor\u00eda de los ferries con destino a Suecia, comenzaron a preparar ya alojamientos de emergencia para los solicitantes de asilo a los que se les proh\u00edba el embarque.<br \/>\nTemporalmente la regi\u00f3n no aceptar\u00e1 m\u00e1s refugiados procedentes de Baviera, estado alem\u00e1n que recibe cada d\u00eda a decenas de miles de solicitantes de asilo desde Austria que son redistribuidos despu\u00e9s por toda Alemania.<br \/>\nQuienes viajen a Suecia deber\u00e1n tener permiso de residencia all\u00ed o ser de un pa\u00eds de Schengen o que no necesite visado para entrar; si no, podr\u00e1n pedir asilo pol\u00edtico, inform\u00f3 la Polic\u00eda, que hasta el lunes no enviar\u00e1 refuerzos a las regiones afectadas.<br \/>\nLos controles estar\u00e1n vigentes durante 10 d\u00edas y luego podr\u00e1n ser prolongados en per\u00edodos de 20, opci\u00f3n que tanto el gobierno como los responsables de Migraciones suecos creen muy probable.<br \/>\nEl gobierno hab\u00eda avisado hace d\u00edas de que la situaci\u00f3n estaba al l\u00edmite y que no pod\u00eda garantizar alojamiento a quienes pidan asilo en Suecia, pa\u00eds de la UE que m\u00e1s solicitantes recibe per c\u00e1pita.<br \/>\nSuecia envi\u00f3 la semana pasada a la Comisi\u00f3n Europea una petici\u00f3n para recolocar a algunos refugiados en otros pa\u00edses comunitarios, aprovechando que Hungr\u00eda ha rechazado su cuota dentro de un plan de reubicaci\u00f3n de 160.000 refugiados aprobado por la UE.<br \/>\nLa falta de alojamientos para los refugiados ha obligado a las autoridades suecas a acondicionar barracones, antiguas c\u00e1rceles y escuelas, adem\u00e1s de construir campamentos de tiendas de campa\u00f1a.<br \/>\nUna veintena de centros destinados a dar alojamiento a refugiados han sufrido este a\u00f1o incendios, presumiblemente provocados por grupos de ultraderecha, a la vez que los sondeos detectan una subida del xen\u00f3fobo Dem\u00f3cratas de Suecia, tercera fuerza parlamentaria pero aislada por el resto de partidos.<\/p>\n","protected":false},"excerpt":{"rendered":"<p>Suecia impuso hoy controles fronterizos de forma provisional durante 10 d\u00edas en el sur y oeste del pa\u00eds para organizar el sistema de recepci\u00f3n de refugiados, desbordado por un brusco aumento de la llegada de solicitantes de asilo. La medida, anunciada anoche de forma inesperada por el gobierno sueco, obedece a una recomendaci\u00f3n de la [&hellip;]<\/p>\n","protected":false},"author":4,"featured_media":372,"comment_status":"open","ping_status":"closed","sticky":false,"template":"","format":"standard","meta":{"om_disable_all_campaigns":false,"_jetpack_memberships_contains_paid_content":false,"footnotes":""},"categories":[2],"tags":[],"class_list":["post-370","post","type-post","status-publish","format-standard","has-post-thumbnail","hentry","category-locales"],"aioseo_notices":[],"gutentor_comment":0,"jetpack_featured_media_url":"https:\/\/eldiariodesanpedro.com.ar\/sitio\/wp-content\/uploads\/2015\/11\/Suecia-impuso-controles-en-sus-fronteras.jpg","jetpack_shortlink":"https:\/\/wp.me\/p6RhLt-5Y","jetpack_sharing_enabled":true,"_links":{"self":[{"href":"https:\/\/eldiariodesanpedro.com.ar\/sitio\/wp-json\/wp\/v2\/posts\/370","targetHints":{"allow":["GET"]}}],"collection":[{"href":"https:\/\/eldiariodesanpedro.com.ar\/sitio\/wp-json\/wp\/v2\/posts"}],"about":[{"href":"https:\/\/eldiariodesanpedro.com.ar\/sitio\/wp-json\/wp\/v2\/types\/post"}],"author":[{"embeddable":true,"href":"https:\/\/eldiariodesanpedro.com.ar\/sitio\/wp-json\/wp\/v2\/users\/4"}],"replies":[{"embeddable":true,"href":"https:\/\/eldiariodesanpedro.com.ar\/sitio\/wp-json\/wp\/v2\/comments?post=370"}],"version-history":[{"count":1,"href":"https:\/\/eldiariodesanpedro.com.ar\/sitio\/wp-json\/wp\/v2\/posts\/370\/revisions"}],"predecessor-version":[{"id":373,"href":"https:\/\/eldiariodesanpedro.com.ar\/sitio\/wp-json\/wp\/v2\/posts\/370\/revisions\/373"}],"wp:featuredmedia":[{"embeddable":true,"href":"https:\/\/eldiariodesanpedro.com.ar\/sitio\/wp-json\/wp\/v2\/media\/372"}],"wp:attachment":[{"href":"https:\/\/eldiariodesanpedro.com.ar\/sitio\/wp-json\/wp\/v2\/media?parent=370"}],"wp:term":[{"taxonomy":"category","embeddable":true,"href":"https:\/\/eldiariodesanpedro.com.ar\/sitio\/wp-json\/wp\/v2\/categories?post=370"},{"taxonomy":"post_tag","embeddable":true,"href":"https:\/\/eldiariodesanpedro.com.ar\/sitio\/wp-json\/wp\/v2\/tags?post=370"}],"curies":[{"name":"wp","href":"https:\/\/api.w.org\/{rel}","templated":true}]}}