{"id":36999,"date":"2018-07-23T21:12:40","date_gmt":"2018-07-24T00:12:40","guid":{"rendered":"https:\/\/eldiariodesanpedro.com.ar\/sitio\/?p=36999"},"modified":"2018-07-23T21:12:40","modified_gmt":"2018-07-24T00:12:40","slug":"nuevo-proyecto-para-realizar-un-museo-en-la-confiteria-del-ex-balneario","status":"publish","type":"post","link":"https:\/\/eldiariodesanpedro.com.ar\/sitio\/nuevo-proyecto-para-realizar-un-museo-en-la-confiteria-del-ex-balneario\/","title":{"rendered":"Nuevo proyecto para realizar un museo en la confiter\u00eda del ex balneario"},"content":{"rendered":"<p><!-- VideographyWP Plugin Message: Automatic video embedding prevented by plugin options. --><br \/>\nJos\u00e9 Luis Aguilar, Director del Museo Paleontol\u00f3gico de San Pedro, present\u00f3 ayer un proyecto en la Municipalidad de San Pedro para crear el \u201cMuseo y Acuario de la Pesca y el R\u00edo\u201d en la antigua confiter\u00eda del ex Balneario, edificio que actualmente se encuentra abandonado.<\/p>\n<p>  Jos\u00e9 Luis plantea que la idea es la utilizaci\u00f3n, renovaci\u00f3n y puesta en valor de un espacio desaprovechado deteriorado por el paso de los a\u00f1os, pero aprovechable como lo es el edificio de la antigua confiter\u00eda del ex Balneario municipal. \u201cMe pareci\u00f3 interesante dejar la idea para que el Ejecutivo municipal la considere si le interesa\u201d expres\u00f3.<\/p>\n<p>  Este proyecto consiste en la creaci\u00f3n en ese lugar de un \u201cMuseo y Acuario de la Pesca y el R\u00edo\u201d, una mezcla de acuario y museo -dice Aguilar- Acuario con peces aut\u00f3ctonos, con la informaci\u00f3n respectiva, que se recorrer\u00eda a trav\u00e9s de un camino que guiar\u00eda a los visitantes por las distintas salas del museo, acompa\u00f1ado de objetos vinculados al quehacer diario del pescador de hoy y de los antiguos pescadores, imitando el recorrido del R\u00edo Paran\u00e1, finalizando en una cascada que simbolizar\u00eda a las cataratas de Iguaz\u00fa. Y all\u00ed, tambi\u00e9n habr\u00eda una fuente o estanque con plantas acu\u00e1ticas t\u00edpicas de la zona. <\/p>\n<p>  \u201cNo deber\u00edamos apresurarnos a considerar la demolici\u00f3n de este edificio, tiene una carga hist\u00f3rica importante como dijeron desde el colegio de arquitectos. La recuperaci\u00f3n, reciclado y puesta en valor de este inmueble es una buena oportunidad\u201d asegur\u00f3 Jos\u00e9 Luis. Agregando: \u201cHabr\u00eda que salir a buscar financiamiento en organismos como la subsecretar\u00eda de Turismo de la Provincia, Ministerio de Gesti\u00f3n Cultural provincial o de Ciencias porque es un emprendimiento que tiene que ver con la difusi\u00f3n del conocimiento y de la biolog\u00eda aut\u00f3ctona. Tambi\u00e9n ser\u00eda interesante desde el punto de vista social, porque es una manera de rendir homenaje a las familias pescadoras de la ciudad. Asimismo, se podr\u00eda concentrar en el lugar la difusi\u00f3n de la tarea de los gu\u00edas de pesca\u201d. <\/p>\n","protected":false},"excerpt":{"rendered":"<p>Jos\u00e9 Luis Aguilar, Director del Museo Paleontol\u00f3gico de San Pedro, present\u00f3 ayer un proyecto en la Municipalidad de San Pedro para crear el \u201cMuseo y Acuario de la Pesca y el R\u00edo\u201d en la antigua confiter\u00eda del ex Balneario, edificio que actualmente se encuentra abandonado. Jos\u00e9 Luis plantea que la idea es la utilizaci\u00f3n, renovaci\u00f3n [&hellip;]<\/p>\n","protected":false},"author":4,"featured_media":37001,"comment_status":"open","ping_status":"closed","sticky":false,"template":"","format":"standard","meta":{"om_disable_all_campaigns":false,"_jetpack_memberships_contains_paid_content":false,"footnotes":""},"categories":[101,2],"tags":[],"class_list":["post-36999","post","type-post","status-publish","format-standard","has-post-thumbnail","hentry","category-interes-general-locales","category-locales"],"aioseo_notices":[],"gutentor_comment":0,"jetpack_featured_media_url":"https:\/\/eldiariodesanpedro.com.ar\/sitio\/wp-content\/uploads\/2018\/07\/Nuevo-proyecto-para-realizar-un-museo-en-la-confiter\u00eda-del-ex-balneario.jpg","jetpack_shortlink":"https:\/\/wp.me\/p6RhLt-9CL","jetpack_sharing_enabled":true,"_links":{"self":[{"href":"https:\/\/eldiariodesanpedro.com.ar\/sitio\/wp-json\/wp\/v2\/posts\/36999","targetHints":{"allow":["GET"]}}],"collection":[{"href":"https:\/\/eldiariodesanpedro.com.ar\/sitio\/wp-json\/wp\/v2\/posts"}],"about":[{"href":"https:\/\/eldiariodesanpedro.com.ar\/sitio\/wp-json\/wp\/v2\/types\/post"}],"author":[{"embeddable":true,"href":"https:\/\/eldiariodesanpedro.com.ar\/sitio\/wp-json\/wp\/v2\/users\/4"}],"replies":[{"embeddable":true,"href":"https:\/\/eldiariodesanpedro.com.ar\/sitio\/wp-json\/wp\/v2\/comments?post=36999"}],"version-history":[{"count":1,"href":"https:\/\/eldiariodesanpedro.com.ar\/sitio\/wp-json\/wp\/v2\/posts\/36999\/revisions"}],"predecessor-version":[{"id":37002,"href":"https:\/\/eldiariodesanpedro.com.ar\/sitio\/wp-json\/wp\/v2\/posts\/36999\/revisions\/37002"}],"wp:featuredmedia":[{"embeddable":true,"href":"https:\/\/eldiariodesanpedro.com.ar\/sitio\/wp-json\/wp\/v2\/media\/37001"}],"wp:attachment":[{"href":"https:\/\/eldiariodesanpedro.com.ar\/sitio\/wp-json\/wp\/v2\/media?parent=36999"}],"wp:term":[{"taxonomy":"category","embeddable":true,"href":"https:\/\/eldiariodesanpedro.com.ar\/sitio\/wp-json\/wp\/v2\/categories?post=36999"},{"taxonomy":"post_tag","embeddable":true,"href":"https:\/\/eldiariodesanpedro.com.ar\/sitio\/wp-json\/wp\/v2\/tags?post=36999"}],"curies":[{"name":"wp","href":"https:\/\/api.w.org\/{rel}","templated":true}]}}