{"id":36992,"date":"2018-07-23T20:19:21","date_gmt":"2018-07-23T23:19:21","guid":{"rendered":"https:\/\/eldiariodesanpedro.com.ar\/sitio\/?p=36992"},"modified":"2026-01-23T23:51:30","modified_gmt":"2026-01-24T02:51:30","slug":"futbol-local-mitre-el-merecido-campeon-del-torneo-apertura-cerro-el-certamen-con-12-triunfos-en-14-partidos","status":"publish","type":"post","link":"https:\/\/eldiariodesanpedro.com.ar\/sitio\/futbol-local-mitre-el-merecido-campeon-del-torneo-apertura-cerro-el-certamen-con-12-triunfos-en-14-partidos\/","title":{"rendered":"F\u00daTBOL LOCAL: Mitre el merecido campe\u00f3n del Torneo Apertura. Cerr\u00f3 el certamen con 12 triunfos en 14 partidos"},"content":{"rendered":"<p><!-- VideographyWP Plugin Message: Automatic video embedding prevented by plugin options. --><br \/>\nFinaliz\u00f3 el Torneo Apertura \u201cJorge Santiso\u201d con triunfo de Mitre ante Las Palmeras con gol de Marcelo Rodr\u00edguez en el cotejo revancha disputado este domingo en el \u201cColoso\u201d ante una muy buena cantidad de p\u00fablico, coronando el rojo un nuevo campeonato, el octavo en los \u00faltimos 10 a\u00f1os.<br \/>\n  Mitre es el campe\u00f3n, t\u00edtulo que no coronaba desde el a\u00f1o 2014 (donde gan\u00f3 el Torneo Preparaci\u00f3n y Oficial), luego de dos subcampeonatos, en ambos de Sportivo, 2015 y 2017. Las Palmeras fue campe\u00f3n del \u201cPreparaci\u00f3n\u201d 2015 siendo en los \u00faltimos a\u00f1os un equipo que siempre entr\u00f3 en la definici\u00f3n de los torneos.<br \/>\n  Marcelo Rodr\u00edguez (Mitre) sum\u00f3 14 goles y no le alcanz\u00f3 para igualar a Jonathan Cerruti (Paran\u00e1) en la tabla de goleadores, pero destacada fue su participaci\u00f3n en el campeonato, convirtiendo en promedio un gol por partido. Dem\u00e1s est\u00e1 decir que fue el goleador de su equipo.<\/p>\n<p><strong>El partido<\/strong><br \/>\n  En l\u00edneas generales fue parejo, insinu\u00f3 Las Palmeras en el comienzo, con un centro de Mart\u00ednez fue remate final de Torrens desviado; Mitre lleg\u00f3 luego con tiro desviado de Velasco, y tras esa maniobra Gast\u00f3n Garc\u00eda enfrent\u00f3 y respondi\u00f3 bien Chebeste.<br \/>\n  A los 45m lleg\u00f3 la jugada pol\u00e9mica de la final. Tras jugada de Bautista Mallo al ingresar al \u00e1rea hizo foul Acosta, no dud\u00f3 Romero enmarcar la pena m\u00e1xima, penal que tradujo en gol Marcelo Rodr\u00edguez, el festejo, seg\u00fan Romero, fue provocativo a los hinchas de Las Palmeras y le mostr\u00f3 la tarjeta amarilla. Con el juego finalizado camino a los vestuarios, Rodr\u00edguez discuti\u00f3 con Dur\u00e1n a la vista del juez, este les mostr\u00f3 tarjeta amarilla, el de Mitre estaba amonestado y tuvo que ver el complemento desde afuera.<br \/>\n  En el segundo tiempo Las Palmeras no aprovech\u00f3 que Mitre estaba con diez, no le encontr\u00f3 la vuelta, no creando situaciones de gol, para el local \u201cPancho\u201d Esp\u00edndola la \u00fanica \u201carma\u201d ofensiva que le qued\u00f3 a D\u00edaz, se las arregl\u00f3 para complicar, luego de una pared con Ramis su tiro lo rechaz\u00f3 Salom\u00f3n. El partido no fue bueno, con poca claridad y para colmo se respetaron demasiado.<\/p>\n<p><strong>S\u00edntesis del partido<\/strong><br \/>\n<em>Atl\u00e9tico Mitre 1 \u2013 Sp. Las Palmeras de R\u00edo Tala 0<\/em><br \/>\nMitre: Chebeste, Velasco, Gorbar\u00e1n, Perfume, Ramis Mallo (Escobar), G\u00f3mez, Rodr\u00edguez, Esp\u00edndola (Cardoso) y Mattig (Rodr\u00edguez). DT: Gustavo D\u00edaz. Relevos: Parera y Bianchini.<br \/>\nLas Palmeras: Salom\u00f3n, Hern\u00e1ndez, Bareto (Dur\u00e1n), Acosta (Correa), Velo (Ojeda), Garc\u00eda, G\u00f3mez, Mart\u00ednez, Arriola, Garc\u00eda y Torrens. DT: Javier Pistan. Relevos: Garc\u00eda y Giuliani.<br \/>\nGoles: 45 m Marcelo Rodr\u00edguez (M)<br \/>\n\u00c1rbitro: Oscar Romero \u2013 Asistente: Juan Casco y Diego Olivetto<br \/>\nCancha: Estadio municipal Gral. Jos\u00e9 de San Mart\u00edn<\/p>\n<p>  El DT de Mitre, D\u00edaz, utiliz\u00f3 27 jugadores que firmaron planilla a lo largo de las 14 jornadas, mientras que Javier Pistan necesit\u00f3 de 29 jugadores. El listado de campeones y subcampeones del torneo Apertura 2018.<br \/>\n  En el campe\u00f3n las presencias perfectas entre los 16 de planilla fueron Brian Chebeste, Lautaro Velasco, Marcelo Rodr\u00edguez y Valent\u00edn Escobar quienes lo hicieron en todos los cotejos; lo siguieron Cesar Gorbar\u00e1n, Francisco Ramis, Bautista Mallo y Lucas Bianchini en 13, detr\u00e1s Mateo G\u00f3mez, Juan M. Rodr\u00edguez y Francisco Esp\u00edndola con 12. Estuvieron tambi\u00e9n M. Perfume (11), Naso (10), M. Mattig, G. Parera, Lafalce, Azimonti, Cardoso, Aguilera, Lencina, Barreto, Oul\u00e9, Cancelo, B\u00e9, Rasio, Reynoso, Perticarari.<\/p>\n<p><strong>Mitre se corona con un invicto de 11 partidos, siendo el siguiente todos los cotejos<\/strong><\/p>\n<p><strong>Campa\u00f1a<\/strong><br \/>\n<em>Club Atl\u00e9tico Mitre<\/em><br \/>\nMitre 1 -Independencia 0<br \/>\nGol: Marcelo Rodr\u00edguez<br \/>\nMitre 2 -San Roque 0<br \/>\nGoles: Marcelo Rodr\u00edguez 2<br \/>\nMitre 0 \u2013 Las Palmeras 1<br \/>\nGol: Calabressi (LP)<br \/>\nMitre 5 \u2013 Gral. San Mart\u00edn 1<br \/>\nGoles: M. Rodr\u00edguez 2, Mallo, Esp\u00edndola y G\u00f3mez. Olivera (SM)<br \/>\nMitre 1 \u2013 Paran\u00e1 0<br \/>\nGol: B. Mallo<br \/>\nMitre 2 \u2013 La Esperanza 0<br \/>\nGoles: M. Rodr\u00edguez y Gorbar\u00e1n<br \/>\nMitre 2 \u2013 Atl\u00e9tico 1<br \/>\nGoles: Mallo y Esp\u00edndola. Rossi (A)<br \/>\nMitre 2 \u2013 Dep. Alsina 1<br \/>\nGoles: Esp\u00edndola 2. D. Salvo (A)<br \/>\nMitre 3- Rivadavia 1<br \/>\nGoles: Esp\u00edndola 2, M. Rodr\u00edguez. Chena (R)<br \/>\nMitre 4 \u2013 Paran\u00e1 3 (4\u00ba de final)<br \/>\nGoles: M. Rodr\u00edguez 3, Mallo 1. Cerruti 2, Boaglio (P).<br \/>\nMitre 2 \u2013 Gral. San Mart\u00edn 1 (Semis, ida)<br \/>\nGoles: Velasco y Escobar. Stocafisso (SM).<br \/>\nMitre 2- Gral. San Mart\u00edn 0 (Semis, revancha)<br \/>\nGoles: Mattig y M. Rodr\u00edguez.<br \/>\nMitre 2 \u2013 Las Palmeras 2 (Final, ida en R\u00edo Tala)<br \/>\nGoles: Marcelo Rodr\u00edguez y Mariano Mattig<br \/>\nMitre \u2013 Las Palmeras (Final, rev.)<br \/>\nGoles: Marcelo Rodr\u00edguez<\/p>\n<p><strong>Los campeones y sub desde el a\u00f1o 2010. Mitre logr\u00f3 siete t\u00edtulos<\/strong><br \/>\n  Luego de varios a\u00f1os sin t\u00edtulos, Mitre vuelve a dar la vuelta en 2008, para repetir en siete ocasiones m\u00e1s en los \u00faltimos 8 a\u00f1os. Sportivo con 3 t\u00edtulos lo sigue entre 9 equipos que fueron campeones.<br \/>\n  Salvo Mitre, campe\u00f3n en varias ocasiones, el f\u00fatbol local est\u00e1 muy repartido en cuanto a alegr\u00edas. Si sumamos todos los torneos realizados en los \u00faltimos 8 a\u00f1os, 9 equipos supieron lo que es el \u00e9xito, de los cuales 3 son de la Liga de F\u00fatbol de Baradero y el resto de la sampedrina. Sobre 18 cert\u00e1menes Mitre se impuso en 7, Sportivo en 3, Banfield y Paran\u00e1 en 2, luego se ubican Atl\u00e9tico, Alsina, Independencia, Las Palmeras y Am\u00e9rica. <\/p>\n<p><strong>Los campeones y sub desde el 2010<\/strong><br \/>\n2010- Apertura<br \/>\nCampe\u00f3n Banfield \u2013 Sub: Rivadavia<br \/>\n2010: Clausura<br \/>\nCampe\u00f3n: Sp. Baradero \u2013 Sub: Rivadavia<br \/>\n2011- Apertura<br \/>\nCampe\u00f3n: C. A. Mitre -Sub: Am\u00e9rica<br \/>\n2011: Clausura<br \/>\nCampe\u00f3n: C. A. Mitre \u2013 Sub: Sportivo<br \/>\n2012- Apertura<br \/>\nCampe\u00f3n: C. A. Mitre \u2013 Sub:<br \/>\n2012: Clausura<br \/>\nCampe\u00f3n: Paran\u00e1 F. C. \u2013 Sub:<br \/>\n2013- Preparaci\u00f3n<br \/>\nCampe\u00f3n Sportivo Am\u00e9rica \u2013 Sub: La Esperanza<br \/>\n2013- Oficial<br \/>\nCampe\u00f3n: Atl\u00e9tico Baradero -Sub: Gral. San Mart\u00edn<br \/>\n2013- Super 8<br \/>\nCampe\u00f3n: C. A. Mitre Sub: Gral. San Mart\u00edn<br \/>\n2014- Torneo Preparaci\u00f3n<br \/>\nCampe\u00f3n: Club A. Mitre \u2013 Sub: Gral. San Martin<br \/>\n2014- Torneo Oficial<br \/>\nCampe\u00f3n: C. A. Mitre \u2013 Sub: Atl\u00e9tico<br \/>\n2015- Torneo Preparaci\u00f3n<br \/>\nCampe\u00f3n: Las Palmeras -Sub: Paran\u00e1 FC<br \/>\n2015- Torneo Final<br \/>\nCampe\u00f3n: Sportivo \u2013 Sub: Club A. Mitre<br \/>\n2016- Torneo Apertura<br \/>\nCampe\u00f3n: Paran\u00e1 FC. &#8211; Sub: Gral. San Martin<br \/>\n2016- Torneo Clausura<br \/>\nCampe\u00f3n: Dep. Alsina \u2013 Sub: Sportivo<br \/>\n2017- Torneo Apertura<br \/>\nCampe\u00f3n: Independencia FC \u2013 Sub: Sportivo<br \/>\n2017- Torneo Clausura<br \/>\nCampe\u00f3n: Sportivo \u2013 Sub: Mitre<br \/>\n2017- Torneo Final<br \/>\nCampe\u00f3n: Banfield \u2013 Sub: Dep. Alsina<\/p>\n<div data-carousel-extra='{&quot;blog_id&quot;:1,&quot;permalink&quot;:&quot;https:\/\/eldiariodesanpedro.com.ar\/sitio\/futbol-local-mitre-el-merecido-campeon-del-torneo-apertura-cerro-el-certamen-con-12-triunfos-en-14-partidos\/&quot;}' id='gallery-1' class='gallery galleryid-36992 gallery-columns-3 gallery-size-large'><figure class='gallery-item'>\n\t\t\t<div class='gallery-icon landscape'>\n\t\t\t\t<a href='https:\/\/eldiariodesanpedro.com.ar\/sitio\/futbol-local-mitre-el-merecido-campeon-del-torneo-apertura-cerro-el-certamen-con-12-triunfos-en-14-partidos\/2d692f6c-1320-4d62-befe-5e771edf5d0b\/'><img decoding=\"async\" width=\"640\" height=\"360\" data-src=\"https:\/\/eldiariodesanpedro.com.ar\/sitio\/wp-content\/uploads\/2018\/07\/2d692f6c-1320-4d62-befe-5e771edf5d0b-1024x576.jpg\" class=\"attachment-large size-large lazyload\" alt=\"El Diario de San Pedro | Noticias locales y regionales\" data-srcset=\"https:\/\/eldiariodesanpedro.com.ar\/sitio\/wp-content\/uploads\/2018\/07\/2d692f6c-1320-4d62-befe-5e771edf5d0b-1024x576.jpg 1024w, https:\/\/eldiariodesanpedro.com.ar\/sitio\/wp-content\/uploads\/2018\/07\/2d692f6c-1320-4d62-befe-5e771edf5d0b-300x169.jpg 300w, https:\/\/eldiariodesanpedro.com.ar\/sitio\/wp-content\/uploads\/2018\/07\/2d692f6c-1320-4d62-befe-5e771edf5d0b-768x432.jpg 768w, https:\/\/eldiariodesanpedro.com.ar\/sitio\/wp-content\/uploads\/2018\/07\/2d692f6c-1320-4d62-befe-5e771edf5d0b.jpg 1280w\" data-sizes=\"(max-width: 640px) 100vw, 640px\" data-attachment-id=\"36995\" data-permalink=\"https:\/\/eldiariodesanpedro.com.ar\/sitio\/futbol-local-mitre-el-merecido-campeon-del-torneo-apertura-cerro-el-certamen-con-12-triunfos-en-14-partidos\/2d692f6c-1320-4d62-befe-5e771edf5d0b\/\" data-orig-file=\"https:\/\/eldiariodesanpedro.com.ar\/sitio\/wp-content\/uploads\/2018\/07\/2d692f6c-1320-4d62-befe-5e771edf5d0b.jpg\" data-orig-size=\"1280,720\" data-comments-opened=\"1\" data-image-meta=\"{&quot;aperture&quot;:&quot;0&quot;,&quot;credit&quot;:&quot;&quot;,&quot;camera&quot;:&quot;&quot;,&quot;caption&quot;:&quot;&quot;,&quot;created_timestamp&quot;:&quot;0&quot;,&quot;copyright&quot;:&quot;&quot;,&quot;focal_length&quot;:&quot;0&quot;,&quot;iso&quot;:&quot;0&quot;,&quot;shutter_speed&quot;:&quot;0&quot;,&quot;title&quot;:&quot;&quot;,&quot;orientation&quot;:&quot;0&quot;}\" data-image-title=\"2d692f6c-1320-4d62-befe-5e771edf5d0b\" data-image-description=\"\" data-image-caption=\"\" data-large-file=\"https:\/\/eldiariodesanpedro.com.ar\/sitio\/wp-content\/uploads\/2018\/07\/2d692f6c-1320-4d62-befe-5e771edf5d0b-1024x576.jpg\" src=\"data:image\/svg+xml;base64,PHN2ZyB3aWR0aD0iMSIgaGVpZ2h0PSIxIiB4bWxucz0iaHR0cDovL3d3dy53My5vcmcvMjAwMC9zdmciPjwvc3ZnPg==\" style=\"--smush-placeholder-width: 640px; --smush-placeholder-aspect-ratio: 640\/360;\" \/><\/a>\n\t\t\t<\/div><\/figure><figure class='gallery-item'>\n\t\t\t<div class='gallery-icon landscape'>\n\t\t\t\t<a href='https:\/\/eldiariodesanpedro.com.ar\/sitio\/futbol-local-mitre-el-merecido-campeon-del-torneo-apertura-cerro-el-certamen-con-12-triunfos-en-14-partidos\/dscf9230\/'><img decoding=\"async\" width=\"640\" height=\"344\" data-src=\"https:\/\/eldiariodesanpedro.com.ar\/sitio\/wp-content\/uploads\/2018\/07\/DSCF9230-1024x551.jpg\" class=\"attachment-large size-large lazyload\" alt=\"El Diario de San Pedro | Noticias locales y regionales\" data-srcset=\"https:\/\/eldiariodesanpedro.com.ar\/sitio\/wp-content\/uploads\/2018\/07\/DSCF9230-1024x551.jpg 1024w, https:\/\/eldiariodesanpedro.com.ar\/sitio\/wp-content\/uploads\/2018\/07\/DSCF9230-300x161.jpg 300w, https:\/\/eldiariodesanpedro.com.ar\/sitio\/wp-content\/uploads\/2018\/07\/DSCF9230-768x413.jpg 768w\" data-sizes=\"(max-width: 640px) 100vw, 640px\" data-attachment-id=\"36996\" data-permalink=\"https:\/\/eldiariodesanpedro.com.ar\/sitio\/futbol-local-mitre-el-merecido-campeon-del-torneo-apertura-cerro-el-certamen-con-12-triunfos-en-14-partidos\/dscf9230\/\" data-orig-file=\"https:\/\/eldiariodesanpedro.com.ar\/sitio\/wp-content\/uploads\/2018\/07\/DSCF9230.jpg\" data-orig-size=\"2846,1531\" data-comments-opened=\"1\" data-image-meta=\"{&quot;aperture&quot;:&quot;4&quot;,&quot;credit&quot;:&quot;&quot;,&quot;camera&quot;:&quot;FinePix S5800 S800&quot;,&quot;caption&quot;:&quot;&quot;,&quot;created_timestamp&quot;:&quot;1514775074&quot;,&quot;copyright&quot;:&quot;&quot;,&quot;focal_length&quot;:&quot;10.1&quot;,&quot;iso&quot;:&quot;64&quot;,&quot;shutter_speed&quot;:&quot;0.0058823529411765&quot;,&quot;title&quot;:&quot;&quot;,&quot;orientation&quot;:&quot;0&quot;}\" data-image-title=\"DSCF9230\" data-image-description=\"\" data-image-caption=\"\" data-large-file=\"https:\/\/eldiariodesanpedro.com.ar\/sitio\/wp-content\/uploads\/2018\/07\/DSCF9230-1024x551.jpg\" src=\"data:image\/svg+xml;base64,PHN2ZyB3aWR0aD0iMSIgaGVpZ2h0PSIxIiB4bWxucz0iaHR0cDovL3d3dy53My5vcmcvMjAwMC9zdmciPjwvc3ZnPg==\" style=\"--smush-placeholder-width: 640px; --smush-placeholder-aspect-ratio: 640\/344;\" \/><\/a>\n\t\t\t<\/div><\/figure><figure class='gallery-item'>\n\t\t\t<div class='gallery-icon landscape'>\n\t\t\t\t<a href='https:\/\/eldiariodesanpedro.com.ar\/sitio\/futbol-local-mitre-el-merecido-campeon-del-torneo-apertura-cerro-el-certamen-con-12-triunfos-en-14-partidos\/44e18663-e7e3-4294-9d24-aa1f4d0dd808\/'><img decoding=\"async\" width=\"640\" height=\"337\" data-src=\"https:\/\/eldiariodesanpedro.com.ar\/sitio\/wp-content\/uploads\/2018\/07\/44e18663-e7e3-4294-9d24-aa1f4d0dd808-1024x539.jpg\" class=\"attachment-large size-large lazyload\" alt=\"El Diario de San Pedro | Noticias locales y regionales\" data-srcset=\"https:\/\/eldiariodesanpedro.com.ar\/sitio\/wp-content\/uploads\/2018\/07\/44e18663-e7e3-4294-9d24-aa1f4d0dd808-1024x539.jpg 1024w, https:\/\/eldiariodesanpedro.com.ar\/sitio\/wp-content\/uploads\/2018\/07\/44e18663-e7e3-4294-9d24-aa1f4d0dd808-300x158.jpg 300w, https:\/\/eldiariodesanpedro.com.ar\/sitio\/wp-content\/uploads\/2018\/07\/44e18663-e7e3-4294-9d24-aa1f4d0dd808-768x405.jpg 768w, https:\/\/eldiariodesanpedro.com.ar\/sitio\/wp-content\/uploads\/2018\/07\/44e18663-e7e3-4294-9d24-aa1f4d0dd808-390x205.jpg 390w, https:\/\/eldiariodesanpedro.com.ar\/sitio\/wp-content\/uploads\/2018\/07\/44e18663-e7e3-4294-9d24-aa1f4d0dd808.jpg 1122w\" data-sizes=\"(max-width: 640px) 100vw, 640px\" data-attachment-id=\"36994\" data-permalink=\"https:\/\/eldiariodesanpedro.com.ar\/sitio\/futbol-local-mitre-el-merecido-campeon-del-torneo-apertura-cerro-el-certamen-con-12-triunfos-en-14-partidos\/44e18663-e7e3-4294-9d24-aa1f4d0dd808\/\" data-orig-file=\"https:\/\/eldiariodesanpedro.com.ar\/sitio\/wp-content\/uploads\/2018\/07\/44e18663-e7e3-4294-9d24-aa1f4d0dd808.jpg\" data-orig-size=\"1122,591\" data-comments-opened=\"1\" data-image-meta=\"{&quot;aperture&quot;:&quot;0&quot;,&quot;credit&quot;:&quot;Fernando Bettendorff&quot;,&quot;camera&quot;:&quot;&quot;,&quot;caption&quot;:&quot;&quot;,&quot;created_timestamp&quot;:&quot;1532377022&quot;,&quot;copyright&quot;:&quot;&quot;,&quot;focal_length&quot;:&quot;0&quot;,&quot;iso&quot;:&quot;0&quot;,&quot;shutter_speed&quot;:&quot;0&quot;,&quot;title&quot;:&quot;&quot;,&quot;orientation&quot;:&quot;0&quot;}\" data-image-title=\"44e18663-e7e3-4294-9d24-aa1f4d0dd808\" data-image-description=\"\" data-image-caption=\"\" data-large-file=\"https:\/\/eldiariodesanpedro.com.ar\/sitio\/wp-content\/uploads\/2018\/07\/44e18663-e7e3-4294-9d24-aa1f4d0dd808-1024x539.jpg\" src=\"data:image\/svg+xml;base64,PHN2ZyB3aWR0aD0iMSIgaGVpZ2h0PSIxIiB4bWxucz0iaHR0cDovL3d3dy53My5vcmcvMjAwMC9zdmciPjwvc3ZnPg==\" style=\"--smush-placeholder-width: 640px; --smush-placeholder-aspect-ratio: 640\/337;\" \/><\/a>\n\t\t\t<\/div><\/figure>\n\t\t<\/div>\n\n","protected":false},"excerpt":{"rendered":"<p>Finaliz\u00f3 el Torneo Apertura \u201cJorge Santiso\u201d con triunfo de Mitre ante Las Palmeras con gol de Marcelo Rodr\u00edguez en el cotejo revancha disputado este domingo en el \u201cColoso\u201d ante una muy buena cantidad de p\u00fablico, coronando el rojo un nuevo campeonato, el octavo en los \u00faltimos 10 a\u00f1os. Mitre es el campe\u00f3n, t\u00edtulo que no [&hellip;]<\/p>\n","protected":false},"author":4,"featured_media":36994,"comment_status":"open","ping_status":"closed","sticky":false,"template":"","format":"standard","meta":{"om_disable_all_campaigns":false,"_jetpack_memberships_contains_paid_content":false,"footnotes":""},"categories":[5],"tags":[],"class_list":["post-36992","post","type-post","status-publish","format-standard","has-post-thumbnail","hentry","category-deportes"],"aioseo_notices":[],"gutentor_comment":0,"jetpack_featured_media_url":"https:\/\/eldiariodesanpedro.com.ar\/sitio\/wp-content\/uploads\/2018\/07\/44e18663-e7e3-4294-9d24-aa1f4d0dd808.jpg","jetpack_shortlink":"https:\/\/wp.me\/p6RhLt-9CE","jetpack_sharing_enabled":true,"_links":{"self":[{"href":"https:\/\/eldiariodesanpedro.com.ar\/sitio\/wp-json\/wp\/v2\/posts\/36992","targetHints":{"allow":["GET"]}}],"collection":[{"href":"https:\/\/eldiariodesanpedro.com.ar\/sitio\/wp-json\/wp\/v2\/posts"}],"about":[{"href":"https:\/\/eldiariodesanpedro.com.ar\/sitio\/wp-json\/wp\/v2\/types\/post"}],"author":[{"embeddable":true,"href":"https:\/\/eldiariodesanpedro.com.ar\/sitio\/wp-json\/wp\/v2\/users\/4"}],"replies":[{"embeddable":true,"href":"https:\/\/eldiariodesanpedro.com.ar\/sitio\/wp-json\/wp\/v2\/comments?post=36992"}],"version-history":[{"count":2,"href":"https:\/\/eldiariodesanpedro.com.ar\/sitio\/wp-json\/wp\/v2\/posts\/36992\/revisions"}],"predecessor-version":[{"id":36998,"href":"https:\/\/eldiariodesanpedro.com.ar\/sitio\/wp-json\/wp\/v2\/posts\/36992\/revisions\/36998"}],"wp:featuredmedia":[{"embeddable":true,"href":"https:\/\/eldiariodesanpedro.com.ar\/sitio\/wp-json\/wp\/v2\/media\/36994"}],"wp:attachment":[{"href":"https:\/\/eldiariodesanpedro.com.ar\/sitio\/wp-json\/wp\/v2\/media?parent=36992"}],"wp:term":[{"taxonomy":"category","embeddable":true,"href":"https:\/\/eldiariodesanpedro.com.ar\/sitio\/wp-json\/wp\/v2\/categories?post=36992"},{"taxonomy":"post_tag","embeddable":true,"href":"https:\/\/eldiariodesanpedro.com.ar\/sitio\/wp-json\/wp\/v2\/tags?post=36992"}],"curies":[{"name":"wp","href":"https:\/\/api.w.org\/{rel}","templated":true}]}}