{"id":36987,"date":"2018-07-23T17:16:27","date_gmt":"2018-07-23T20:16:27","guid":{"rendered":"https:\/\/eldiariodesanpedro.com.ar\/sitio\/?p=36987"},"modified":"2018-07-23T17:16:27","modified_gmt":"2018-07-23T20:16:27","slug":"nueva-campana-de-vacunacion-contra-la-fiebre-hemorragica-argentina-organizado-por-la-secretaria-de-salud","status":"publish","type":"post","link":"https:\/\/eldiariodesanpedro.com.ar\/sitio\/nueva-campana-de-vacunacion-contra-la-fiebre-hemorragica-argentina-organizado-por-la-secretaria-de-salud\/","title":{"rendered":"Nueva Campa\u00f1a de Vacunaci\u00f3n contra la \u201cFiebre Hemorr\u00e1gica Argentina\u201d organizado por la Secretar\u00eda de Salud"},"content":{"rendered":"<p><!-- VideographyWP Plugin Message: Automatic video embedding prevented by plugin options. --><br \/>\nLa Secretar\u00eda de Salud de la Municipalidad de San Pedro, informa que a partir de ma\u00f1ana se comenzar\u00e1 con el control y vacunaci\u00f3n de \u00bb Fiebre Hemorr\u00e1gica Argentina\u00bb.<\/p>\n<p>La misma se realizar\u00e1 en zonas rurales a los trabajadores de lavaderos de batatas, viveros y feedlots.<\/p>\n<p>La Dra. Morales junto a enfermeras del equipo de salud, estar\u00e1n recorriendo los establecimientos de nuestra localidad de lunes a viernes por la ma\u00f1ana para llevar a cabo el control y vacunaci\u00f3n.<\/p>\n","protected":false},"excerpt":{"rendered":"<p>La Secretar\u00eda de Salud de la Municipalidad de San Pedro, informa que a partir de ma\u00f1ana se comenzar\u00e1 con el control y vacunaci\u00f3n de \u00bb Fiebre Hemorr\u00e1gica Argentina\u00bb. La misma se realizar\u00e1 en zonas rurales a los trabajadores de lavaderos de batatas, viveros y feedlots. La Dra. Morales junto a enfermeras del equipo de salud, [&hellip;]<\/p>\n","protected":false},"author":4,"featured_media":36988,"comment_status":"open","ping_status":"closed","sticky":false,"template":"","format":"standard","meta":{"om_disable_all_campaigns":false,"_jetpack_memberships_contains_paid_content":false,"footnotes":""},"categories":[101,2],"tags":[],"class_list":["post-36987","post","type-post","status-publish","format-standard","has-post-thumbnail","hentry","category-interes-general-locales","category-locales"],"aioseo_notices":[],"gutentor_comment":0,"jetpack_featured_media_url":"https:\/\/eldiariodesanpedro.com.ar\/sitio\/wp-content\/uploads\/2018\/07\/450667.jpg","jetpack_shortlink":"https:\/\/wp.me\/p6RhLt-9Cz","jetpack_sharing_enabled":true,"_links":{"self":[{"href":"https:\/\/eldiariodesanpedro.com.ar\/sitio\/wp-json\/wp\/v2\/posts\/36987","targetHints":{"allow":["GET"]}}],"collection":[{"href":"https:\/\/eldiariodesanpedro.com.ar\/sitio\/wp-json\/wp\/v2\/posts"}],"about":[{"href":"https:\/\/eldiariodesanpedro.com.ar\/sitio\/wp-json\/wp\/v2\/types\/post"}],"author":[{"embeddable":true,"href":"https:\/\/eldiariodesanpedro.com.ar\/sitio\/wp-json\/wp\/v2\/users\/4"}],"replies":[{"embeddable":true,"href":"https:\/\/eldiariodesanpedro.com.ar\/sitio\/wp-json\/wp\/v2\/comments?post=36987"}],"version-history":[{"count":1,"href":"https:\/\/eldiariodesanpedro.com.ar\/sitio\/wp-json\/wp\/v2\/posts\/36987\/revisions"}],"predecessor-version":[{"id":36989,"href":"https:\/\/eldiariodesanpedro.com.ar\/sitio\/wp-json\/wp\/v2\/posts\/36987\/revisions\/36989"}],"wp:featuredmedia":[{"embeddable":true,"href":"https:\/\/eldiariodesanpedro.com.ar\/sitio\/wp-json\/wp\/v2\/media\/36988"}],"wp:attachment":[{"href":"https:\/\/eldiariodesanpedro.com.ar\/sitio\/wp-json\/wp\/v2\/media?parent=36987"}],"wp:term":[{"taxonomy":"category","embeddable":true,"href":"https:\/\/eldiariodesanpedro.com.ar\/sitio\/wp-json\/wp\/v2\/categories?post=36987"},{"taxonomy":"post_tag","embeddable":true,"href":"https:\/\/eldiariodesanpedro.com.ar\/sitio\/wp-json\/wp\/v2\/tags?post=36987"}],"curies":[{"name":"wp","href":"https:\/\/api.w.org\/{rel}","templated":true}]}}