{"id":36983,"date":"2018-07-23T10:24:10","date_gmt":"2018-07-23T13:24:10","guid":{"rendered":"https:\/\/eldiariodesanpedro.com.ar\/sitio\/?p=36983"},"modified":"2018-07-23T10:24:10","modified_gmt":"2018-07-23T13:24:10","slug":"san-nicolas-secuestran-una-moto-robada-y-armas-durante-allanamientos","status":"publish","type":"post","link":"https:\/\/eldiariodesanpedro.com.ar\/sitio\/san-nicolas-secuestran-una-moto-robada-y-armas-durante-allanamientos\/","title":{"rendered":"SAN NICOL\u00c1S: Secuestran una moto robada y armas durante allanamientos"},"content":{"rendered":"<p><!-- VideographyWP Plugin Message: Automatic video embedding prevented by plugin options. --><br \/>\nA ra\u00edz de la investigaci\u00f3n de hechos de robo y probable venta de estupefacientes, personal de la Comisaria Segunda, junto a Polic\u00eda Local y Comando de Patrulla realizaron dos allanamientos procediendo a la detenci\u00f3n de tres personas y el secuestro de drogas, una moto robada y armas.<\/p>\n<p>Personal del gabinete criminol\u00f3gico de la Comisaria Segunda, tras arduas tareas investigativas respecto a la probable venta de estupefacientes y robo de motocicletas, logr\u00f3 determinar los probables domicilios donde operar\u00edan los sospechosos. Toda esta informaci\u00f3n fue vertida a la UFI en turno que merced al material recabado solicit\u00f3 las \u00f3rdenes de captura.<\/p>\n<p>Con la orden judicial emitida por el juzgado de garant\u00edas, personal de la Comisaria Segunda, juntamente con UPPL y Comando de Patrulla, procedi\u00f3 a diligenciar dos allanamientos.<\/p>\n<p>El primer objetivo fue para un domicilio ubicado en calle Morteo s\/n de B\u00b0 Cooperaci\u00f3n donde se procedi\u00f3 al secuestro de 9 envoltorios de marihuana, haciendo un peso total de 26 grs, una motocicleta YBR 125cc con pedido de secuestro activo del 16 de junio de este a\u00f1o en una caratula por \u201churto\u201d a requerimiento de la UFI N\u00b01 y la aprehensi\u00f3n de una mujer de 35 a\u00f1os y su yerno de 26.<\/p>\n<p>Tumbera<br \/>\nEl segundo allanamiento se efectu\u00f3 en una vivienda de calle Gaboto de B\u00b0 California donde se procedi\u00f3 al secuestro de un arma de fuego casera, 8 plantines de marihuana en maseta y la aprehensi\u00f3n de un menor de 17 a\u00f1os. En este caso interviene la UFI del Joven.<\/p>\n<p>Se labraron actuaciones por \u201cEncubrimiento &#8211; Infr. Ley 23.737 &#8211; Tenencia ilegal arma de fuego\u201d.<\/p>\n","protected":false},"excerpt":{"rendered":"<p>A ra\u00edz de la investigaci\u00f3n de hechos de robo y probable venta de estupefacientes, personal de la Comisaria Segunda, junto a Polic\u00eda Local y Comando de Patrulla realizaron dos allanamientos procediendo a la detenci\u00f3n de tres personas y el secuestro de drogas, una moto robada y armas. Personal del gabinete criminol\u00f3gico de la Comisaria Segunda, [&hellip;]<\/p>\n","protected":false},"author":4,"featured_media":36984,"comment_status":"open","ping_status":"closed","sticky":false,"template":"","format":"standard","meta":{"om_disable_all_campaigns":false,"_jetpack_memberships_contains_paid_content":false,"footnotes":""},"categories":[621],"tags":[],"class_list":["post-36983","post","type-post","status-publish","format-standard","has-post-thumbnail","hentry","category-regionales"],"aioseo_notices":[],"gutentor_comment":0,"jetpack_featured_media_url":"https:\/\/eldiariodesanpedro.com.ar\/sitio\/wp-content\/uploads\/2018\/07\/elnorte5b53e20203396_9-foto-3-3x8.jpg","jetpack_shortlink":"https:\/\/wp.me\/p6RhLt-9Cv","jetpack_sharing_enabled":true,"_links":{"self":[{"href":"https:\/\/eldiariodesanpedro.com.ar\/sitio\/wp-json\/wp\/v2\/posts\/36983","targetHints":{"allow":["GET"]}}],"collection":[{"href":"https:\/\/eldiariodesanpedro.com.ar\/sitio\/wp-json\/wp\/v2\/posts"}],"about":[{"href":"https:\/\/eldiariodesanpedro.com.ar\/sitio\/wp-json\/wp\/v2\/types\/post"}],"author":[{"embeddable":true,"href":"https:\/\/eldiariodesanpedro.com.ar\/sitio\/wp-json\/wp\/v2\/users\/4"}],"replies":[{"embeddable":true,"href":"https:\/\/eldiariodesanpedro.com.ar\/sitio\/wp-json\/wp\/v2\/comments?post=36983"}],"version-history":[{"count":1,"href":"https:\/\/eldiariodesanpedro.com.ar\/sitio\/wp-json\/wp\/v2\/posts\/36983\/revisions"}],"predecessor-version":[{"id":36985,"href":"https:\/\/eldiariodesanpedro.com.ar\/sitio\/wp-json\/wp\/v2\/posts\/36983\/revisions\/36985"}],"wp:featuredmedia":[{"embeddable":true,"href":"https:\/\/eldiariodesanpedro.com.ar\/sitio\/wp-json\/wp\/v2\/media\/36984"}],"wp:attachment":[{"href":"https:\/\/eldiariodesanpedro.com.ar\/sitio\/wp-json\/wp\/v2\/media?parent=36983"}],"wp:term":[{"taxonomy":"category","embeddable":true,"href":"https:\/\/eldiariodesanpedro.com.ar\/sitio\/wp-json\/wp\/v2\/categories?post=36983"},{"taxonomy":"post_tag","embeddable":true,"href":"https:\/\/eldiariodesanpedro.com.ar\/sitio\/wp-json\/wp\/v2\/tags?post=36983"}],"curies":[{"name":"wp","href":"https:\/\/api.w.org\/{rel}","templated":true}]}}