{"id":36979,"date":"2018-07-23T10:16:01","date_gmt":"2018-07-23T13:16:01","guid":{"rendered":"https:\/\/eldiariodesanpedro.com.ar\/sitio\/?p=36979"},"modified":"2018-07-23T10:16:01","modified_gmt":"2018-07-23T13:16:01","slug":"san-nicolas-con-el-inicio-de-produccion-de-una-embotelladora-se-inaugura-hoy-el-parque-industrial-norte","status":"publish","type":"post","link":"https:\/\/eldiariodesanpedro.com.ar\/sitio\/san-nicolas-con-el-inicio-de-produccion-de-una-embotelladora-se-inaugura-hoy-el-parque-industrial-norte\/","title":{"rendered":"SAN NICOL\u00c1S: Con el inicio de producci\u00f3n de una embotelladora, se inaugura hoy el Parque Industrial Norte"},"content":{"rendered":"<p><!-- VideographyWP Plugin Message: Automatic video embedding prevented by plugin options. --><br \/>\nEste lunes la firma \u00abLa nicole\u00f1a S.A.\u00bb pondr\u00e1 en marcha su proceso de producci\u00f3n en el Parque Industrial Norte, en lo que representa el inicio de operaciones para el conjunto de las empresas radicadas en el polo industrial ubicado sobre el acceso D\u00e1maso Vald\u00e9s. \u201cEl Parque es parte de un proceso apuntado a generar empleo y ampliar la matriz productiva de la ciudad\u201d, expres\u00f3 el intendente Manuel Passaglia.<\/p>\n<p>Con la puesta en funcionamiento de embotelladora \u00abLa Nicole\u00f1a S.A.\u00bb, este lunes 23 de julio quedar\u00e1 inaugurado formalmente el Parque Industrial Norte (PIN), un polo productivo que abre un nuevo escenario para las pymes de la ciudad y la regi\u00f3n.<br \/>\nEl Parque Industrial se enmarca dentro de un plan de desarrollo impulsado por el Ejecutivo municipal que busca diversificar la matriz productiva de la econom\u00eda local, y que pone el eje en lo que se denomina la \u00abTriple P\u00bb en virtud de que conecta al Parque Industrial con el Predio Ferial y el Puerto. <\/p>\n<p>El intendente Manuel Passaglia encabezar\u00e1 el acto inaugural junto a miembros del gabinete Ejecutivo y de la Secretar\u00eda de Desarrollo Productivo, a partir de las 15:00. \u201cEl Parque Industrial Norte configura un escenario de grandes oportunidades para la peque\u00f1a y mediana industria local, y abre una nueva etapa en materia de desarrollo productivo para San Nicol\u00e1s\u201d, expres\u00f3 el jefe comunal.<\/p>\n<p>Durante el desarrollo de este proyecto el municipio avanz\u00f3 en acciones conjuntas con el sector privado, poniendo el foco en objetivos compartidos como la promoci\u00f3n de oportunidades para el sector industrial, el ordenamiento territorial, la generaci\u00f3n de empleo y el desarrollo sustentable regional y nacional. <\/p>\n<p>\u201cEl trabajo conjunto del sector p\u00fablico y el privado es la clave de todo desarrollo sustentable en el tiempo. Y el Parque Industrial es una respuesta a la necesidad que ten\u00eda la ciudad de generar condiciones que favorezcan un desarrollo de largo plazo. Lo determinante aqu\u00ed es el trabajo conjunto entre un municipio que busca acompa\u00f1ar el crecimiento de las pymes locales, y un sector privado que se ha mostrado dispuesto a trabajar en desarrollos que multiplican las posibilidades de crecimiento\u201d, destac\u00f3 Passaglia.<\/p>\n<p>\u201cUn punto de partida\u201d<br \/>\nSi bien San Nicol\u00e1s forma parte de la conducci\u00f3n tripartita de Comirsa (ubicado en jurisdicci\u00f3n de Ramallo), el PIN es el primer parque industrial asentado en nuestro Partido, y uno de sus objetivos principales es evitar el \u00e9xodo de empresas a otras jurisdicciones. Se trata de una herramienta vital para el futuro desarrollo de la ciudad, a punto tal que una vez concluida esta primera etapa estar\u00e1n trabajando all\u00ed alrededor de 400 personas en forma directa.<br \/>\n\u201cEste es el punto de partida para un camino que ofrece grandes oportunidades en materia de generaci\u00f3n de empleo, de diversificaci\u00f3n de la producci\u00f3n y de reordenamiento log\u00edstico. En esos tres aspectos, las posibilidades son infinitas\u201d, apunt\u00f3 el intendente.<\/p>\n<p>Importantes ventajas<br \/>\nEl Parque Industrial Norte se encuentra emplazado en un predio de 18 hect\u00e1reas, ubicado estrat\u00e9gicamente sobre la Autopista Buenos Aires-Rosario (km 234) y el acceso norte a la ciudad, por calle D\u00e1maso Vald\u00e9s. Esa ubicaci\u00f3n brinda importantes ventajas log\u00edsticas ya que se conecta con el corredor productivo del norte de la provincia de Buenos Aires, a 7 km. del puerto, a 5 km. del ferrocarril Mitre, a 8 km. de la RN188 (conecta con Mendoza y Chile) y a 10 km. del Aeroclub San Nicol\u00e1s.<\/p>\n<p>Fuente: Diario El Norte<\/p>\n","protected":false},"excerpt":{"rendered":"<p>Este lunes la firma \u00abLa nicole\u00f1a S.A.\u00bb pondr\u00e1 en marcha su proceso de producci\u00f3n en el Parque Industrial Norte, en lo que representa el inicio de operaciones para el conjunto de las empresas radicadas en el polo industrial ubicado sobre el acceso D\u00e1maso Vald\u00e9s. \u201cEl Parque es parte de un proceso apuntado a generar empleo [&hellip;]<\/p>\n","protected":false},"author":4,"featured_media":36980,"comment_status":"open","ping_status":"closed","sticky":false,"template":"","format":"standard","meta":{"om_disable_all_campaigns":false,"_jetpack_memberships_contains_paid_content":false,"footnotes":""},"categories":[621],"tags":[],"class_list":["post-36979","post","type-post","status-publish","format-standard","has-post-thumbnail","hentry","category-regionales"],"aioseo_notices":[],"gutentor_comment":0,"jetpack_featured_media_url":"https:\/\/eldiariodesanpedro.com.ar\/sitio\/wp-content\/uploads\/2018\/07\/elnorte5b55ba50c603b_pin.jpg","jetpack_shortlink":"https:\/\/wp.me\/p6RhLt-9Cr","jetpack_sharing_enabled":true,"_links":{"self":[{"href":"https:\/\/eldiariodesanpedro.com.ar\/sitio\/wp-json\/wp\/v2\/posts\/36979","targetHints":{"allow":["GET"]}}],"collection":[{"href":"https:\/\/eldiariodesanpedro.com.ar\/sitio\/wp-json\/wp\/v2\/posts"}],"about":[{"href":"https:\/\/eldiariodesanpedro.com.ar\/sitio\/wp-json\/wp\/v2\/types\/post"}],"author":[{"embeddable":true,"href":"https:\/\/eldiariodesanpedro.com.ar\/sitio\/wp-json\/wp\/v2\/users\/4"}],"replies":[{"embeddable":true,"href":"https:\/\/eldiariodesanpedro.com.ar\/sitio\/wp-json\/wp\/v2\/comments?post=36979"}],"version-history":[{"count":1,"href":"https:\/\/eldiariodesanpedro.com.ar\/sitio\/wp-json\/wp\/v2\/posts\/36979\/revisions"}],"predecessor-version":[{"id":36981,"href":"https:\/\/eldiariodesanpedro.com.ar\/sitio\/wp-json\/wp\/v2\/posts\/36979\/revisions\/36981"}],"wp:featuredmedia":[{"embeddable":true,"href":"https:\/\/eldiariodesanpedro.com.ar\/sitio\/wp-json\/wp\/v2\/media\/36980"}],"wp:attachment":[{"href":"https:\/\/eldiariodesanpedro.com.ar\/sitio\/wp-json\/wp\/v2\/media?parent=36979"}],"wp:term":[{"taxonomy":"category","embeddable":true,"href":"https:\/\/eldiariodesanpedro.com.ar\/sitio\/wp-json\/wp\/v2\/categories?post=36979"},{"taxonomy":"post_tag","embeddable":true,"href":"https:\/\/eldiariodesanpedro.com.ar\/sitio\/wp-json\/wp\/v2\/tags?post=36979"}],"curies":[{"name":"wp","href":"https:\/\/api.w.org\/{rel}","templated":true}]}}