{"id":36978,"date":"2018-07-23T10:18:03","date_gmt":"2018-07-23T13:18:03","guid":{"rendered":"https:\/\/eldiariodesanpedro.com.ar\/sitio\/?p=36978"},"modified":"2018-07-23T10:18:03","modified_gmt":"2018-07-23T13:18:03","slug":"accidente-entre-dos-motos-una-de-ellas-era-conducida-por-una-menor","status":"publish","type":"post","link":"https:\/\/eldiariodesanpedro.com.ar\/sitio\/accidente-entre-dos-motos-una-de-ellas-era-conducida-por-una-menor\/","title":{"rendered":"Accidente entre dos motos, una de ellas era conducida por una menor."},"content":{"rendered":"<p><!-- VideographyWP Plugin Message: Automatic video embedding prevented by plugin options. --><br \/>\nEl accidente se produjo el domingo por la tarde cuando dos motocicletas, por hechos que se tratan de esclarecer, colisionaron en la intersecci\u00f3n de calle Belgrano y G\u00fcemes.<\/p>\n<p>Una motocicleta marca Motomel 150 cc era conducida por una menor de 15 a\u00f1os y la otra marca Gilera 110 cc conducida por un ciudadano de 28.<\/p>\n<p>Como consecuencia la menor fue trasladada a la guardia del Hospital por la ambulancia de emergencia del SAME y seg\u00fan el informe m\u00e9dico presentaba lesiones de car\u00e1cter leve.<\/p>\n","protected":false},"excerpt":{"rendered":"<p>El accidente se produjo el domingo por la tarde cuando dos motocicletas, por hechos que se tratan de esclarecer, colisionaron en la intersecci\u00f3n de calle Belgrano y G\u00fcemes. Una motocicleta marca Motomel 150 cc era conducida por una menor de 15 a\u00f1os y la otra marca Gilera 110 cc conducida por un ciudadano de 28. [&hellip;]<\/p>\n","protected":false},"author":4,"featured_media":27202,"comment_status":"open","ping_status":"closed","sticky":false,"template":"","format":"standard","meta":{"om_disable_all_campaigns":false,"_jetpack_memberships_contains_paid_content":false,"footnotes":""},"categories":[2,103],"tags":[],"class_list":["post-36978","post","type-post","status-publish","format-standard","has-post-thumbnail","hentry","category-locales","category-policiales-locales"],"aioseo_notices":[],"gutentor_comment":0,"jetpack_featured_media_url":"https:\/\/eldiariodesanpedro.com.ar\/sitio\/wp-content\/uploads\/2017\/12\/ambulancia-same-provincia.jpg","jetpack_shortlink":"https:\/\/wp.me\/p6RhLt-9Cq","jetpack_sharing_enabled":true,"_links":{"self":[{"href":"https:\/\/eldiariodesanpedro.com.ar\/sitio\/wp-json\/wp\/v2\/posts\/36978","targetHints":{"allow":["GET"]}}],"collection":[{"href":"https:\/\/eldiariodesanpedro.com.ar\/sitio\/wp-json\/wp\/v2\/posts"}],"about":[{"href":"https:\/\/eldiariodesanpedro.com.ar\/sitio\/wp-json\/wp\/v2\/types\/post"}],"author":[{"embeddable":true,"href":"https:\/\/eldiariodesanpedro.com.ar\/sitio\/wp-json\/wp\/v2\/users\/4"}],"replies":[{"embeddable":true,"href":"https:\/\/eldiariodesanpedro.com.ar\/sitio\/wp-json\/wp\/v2\/comments?post=36978"}],"version-history":[{"count":1,"href":"https:\/\/eldiariodesanpedro.com.ar\/sitio\/wp-json\/wp\/v2\/posts\/36978\/revisions"}],"predecessor-version":[{"id":36982,"href":"https:\/\/eldiariodesanpedro.com.ar\/sitio\/wp-json\/wp\/v2\/posts\/36978\/revisions\/36982"}],"wp:featuredmedia":[{"embeddable":true,"href":"https:\/\/eldiariodesanpedro.com.ar\/sitio\/wp-json\/wp\/v2\/media\/27202"}],"wp:attachment":[{"href":"https:\/\/eldiariodesanpedro.com.ar\/sitio\/wp-json\/wp\/v2\/media?parent=36978"}],"wp:term":[{"taxonomy":"category","embeddable":true,"href":"https:\/\/eldiariodesanpedro.com.ar\/sitio\/wp-json\/wp\/v2\/categories?post=36978"},{"taxonomy":"post_tag","embeddable":true,"href":"https:\/\/eldiariodesanpedro.com.ar\/sitio\/wp-json\/wp\/v2\/tags?post=36978"}],"curies":[{"name":"wp","href":"https:\/\/api.w.org\/{rel}","templated":true}]}}