{"id":36973,"date":"2018-07-23T10:07:17","date_gmt":"2018-07-23T13:07:17","guid":{"rendered":"https:\/\/eldiariodesanpedro.com.ar\/sitio\/?p=36973"},"modified":"2018-07-23T10:07:17","modified_gmt":"2018-07-23T13:07:17","slug":"campana-el-rio-parana-mas-seco-que-nunca","status":"publish","type":"post","link":"https:\/\/eldiariodesanpedro.com.ar\/sitio\/campana-el-rio-parana-mas-seco-que-nunca\/","title":{"rendered":"CAMPANA: El R\u00edo Paran\u00e1, m\u00e1s \u201cseco\u201d que nunca"},"content":{"rendered":"<p><!-- VideographyWP Plugin Message: Automatic video embedding prevented by plugin options. --><br \/>\nLa falta de lluvia en algunos sectores del Norte, afectan la cantidad de agua que presenta el r\u00edo en nuestra Ciudad. Embarcaciones pr\u00e1cticamente encalladas, y la costa como pocas veces se la ve.<\/p>\n<p>La falta de lluvias est\u00e1 ocasionando una bajante considerable del r\u00edo Paran\u00e1, especialmente en la zona del Norte de nuestro Pa\u00eds y la zona de Mato Grosso (Brasil) y hacia el nacimiento del r\u00edo Paran\u00e1. <\/p>\n<p>Las bajantes son algo que pareciera \u201cnormal\u201d a esta altura del a\u00f1o. Sin embargo, la postal de la zona ribere\u00f1a local, como el Campana Boat Club y la Costanera, result\u00f3 por lo menos llamativa.<\/p>\n<p>Si bien durante la semana se registraron lluvias en la regi\u00f3n, la clave est\u00e1 en lo que ocurre en el nacimiento del r\u00edo. Prefectura Naval, en su p\u00e1gina web, reporta desde el mediod\u00eda del Viernes la altura del r\u00edo en el puerto local como de \u201ccero metros\u201d. El Jueves, la marca solo alcanzaba al metro.<\/p>\n<p>El pico m\u00e1s alto del r\u00edo durante Julio ocurri\u00f3 el pasado 16, donde se alcanz\u00f3 el metro cincuenta. Muy distantes de los niveles de alerta (2.20 mts) o evacuaci\u00f3n (2.45 mts).<\/p>\n<p>La situaci\u00f3n permiti\u00f3 al personal del Campana Boat Club, realizar trabajos de mantenimiento y distintos sectores y zona de amarras, donde la escasez de agua permiti\u00f3 alcanzar lugares habitualmente sumergidos.<\/p>\n","protected":false},"excerpt":{"rendered":"<p>La falta de lluvia en algunos sectores del Norte, afectan la cantidad de agua que presenta el r\u00edo en nuestra Ciudad. Embarcaciones pr\u00e1cticamente encalladas, y la costa como pocas veces se la ve. La falta de lluvias est\u00e1 ocasionando una bajante considerable del r\u00edo Paran\u00e1, especialmente en la zona del Norte de nuestro Pa\u00eds y [&hellip;]<\/p>\n","protected":false},"author":4,"featured_media":36974,"comment_status":"open","ping_status":"closed","sticky":false,"template":"","format":"standard","meta":{"om_disable_all_campaigns":false,"_jetpack_memberships_contains_paid_content":false,"footnotes":""},"categories":[621],"tags":[],"class_list":["post-36973","post","type-post","status-publish","format-standard","has-post-thumbnail","hentry","category-regionales"],"aioseo_notices":[],"gutentor_comment":0,"jetpack_featured_media_url":"https:\/\/eldiariodesanpedro.com.ar\/sitio\/wp-content\/uploads\/2018\/07\/20180721084910.jpg","jetpack_shortlink":"https:\/\/wp.me\/p6RhLt-9Cl","jetpack_sharing_enabled":true,"_links":{"self":[{"href":"https:\/\/eldiariodesanpedro.com.ar\/sitio\/wp-json\/wp\/v2\/posts\/36973","targetHints":{"allow":["GET"]}}],"collection":[{"href":"https:\/\/eldiariodesanpedro.com.ar\/sitio\/wp-json\/wp\/v2\/posts"}],"about":[{"href":"https:\/\/eldiariodesanpedro.com.ar\/sitio\/wp-json\/wp\/v2\/types\/post"}],"author":[{"embeddable":true,"href":"https:\/\/eldiariodesanpedro.com.ar\/sitio\/wp-json\/wp\/v2\/users\/4"}],"replies":[{"embeddable":true,"href":"https:\/\/eldiariodesanpedro.com.ar\/sitio\/wp-json\/wp\/v2\/comments?post=36973"}],"version-history":[{"count":1,"href":"https:\/\/eldiariodesanpedro.com.ar\/sitio\/wp-json\/wp\/v2\/posts\/36973\/revisions"}],"predecessor-version":[{"id":36975,"href":"https:\/\/eldiariodesanpedro.com.ar\/sitio\/wp-json\/wp\/v2\/posts\/36973\/revisions\/36975"}],"wp:featuredmedia":[{"embeddable":true,"href":"https:\/\/eldiariodesanpedro.com.ar\/sitio\/wp-json\/wp\/v2\/media\/36974"}],"wp:attachment":[{"href":"https:\/\/eldiariodesanpedro.com.ar\/sitio\/wp-json\/wp\/v2\/media?parent=36973"}],"wp:term":[{"taxonomy":"category","embeddable":true,"href":"https:\/\/eldiariodesanpedro.com.ar\/sitio\/wp-json\/wp\/v2\/categories?post=36973"},{"taxonomy":"post_tag","embeddable":true,"href":"https:\/\/eldiariodesanpedro.com.ar\/sitio\/wp-json\/wp\/v2\/tags?post=36973"}],"curies":[{"name":"wp","href":"https:\/\/api.w.org\/{rel}","templated":true}]}}