{"id":36962,"date":"2018-07-23T09:46:40","date_gmt":"2018-07-23T12:46:40","guid":{"rendered":"https:\/\/eldiariodesanpedro.com.ar\/sitio\/?p=36962"},"modified":"2018-07-23T09:46:40","modified_gmt":"2018-07-23T12:46:40","slug":"dos-motos-fueron-halladas-abandonadas-en-la-via-publica","status":"publish","type":"post","link":"https:\/\/eldiariodesanpedro.com.ar\/sitio\/dos-motos-fueron-halladas-abandonadas-en-la-via-publica\/","title":{"rendered":"Dos motos fueron halladas abandonadas en la v\u00eda p\u00fablica"},"content":{"rendered":"<p><!-- VideographyWP Plugin Message: Automatic video embedding prevented by plugin options. --><\/p>\n<p>El d\u00eda domingo, fueron halladas dos motocicletas abandonadas en la v\u00eda publica, en distintas direcciones, por el personal policial; un rodado presentaba pedido de secuestro activo y el otro no.<br \/>\nEn la ma\u00f1ana, alrededor de las 10:00hs, sobre calle Mitre y Rafael Obligado se procedi\u00f3 al secuestro de una motocicleta Gilera Smash 110cc que registraba pedido de secuestro activo.<br \/>\nEl rodado hab\u00eda sido robado la noche anterior, en las afueras de un domicilio y fue hallado abandonado por oficiales de la polic\u00eda local.<\/p>\n<p><img decoding=\"async\" data-attachment-id=\"36963\" data-permalink=\"https:\/\/eldiariodesanpedro.com.ar\/sitio\/dos-motos-fueron-halladas-abandonadas-en-la-via-publica\/whatsapp-image-2018-07-22-at-13-11-20\/\" data-orig-file=\"https:\/\/eldiariodesanpedro.com.ar\/sitio\/wp-content\/uploads\/2018\/07\/WhatsApp-Image-2018-07-22-at-13.11.20.jpeg\" data-orig-size=\"960,1280\" data-comments-opened=\"1\" data-image-meta=\"{&quot;aperture&quot;:&quot;0&quot;,&quot;credit&quot;:&quot;&quot;,&quot;camera&quot;:&quot;&quot;,&quot;caption&quot;:&quot;&quot;,&quot;created_timestamp&quot;:&quot;0&quot;,&quot;copyright&quot;:&quot;&quot;,&quot;focal_length&quot;:&quot;0&quot;,&quot;iso&quot;:&quot;0&quot;,&quot;shutter_speed&quot;:&quot;0&quot;,&quot;title&quot;:&quot;&quot;,&quot;orientation&quot;:&quot;0&quot;}\" data-image-title=\"WhatsApp Image 2018-07-22 at 13.11.20\" data-image-description=\"\" data-image-caption=\"\" data-large-file=\"https:\/\/eldiariodesanpedro.com.ar\/sitio\/wp-content\/uploads\/2018\/07\/WhatsApp-Image-2018-07-22-at-13.11.20-768x1024.jpeg\" data-src=\"https:\/\/eldiariodesanpedro.com.ar\/sitio\/wp-content\/uploads\/2018\/07\/WhatsApp-Image-2018-07-22-at-13.11.20-768x1024.jpeg\" alt=\"\" width=\"660\" height=\"880\" class=\"alignnone size-large wp-image-36963 lazyload\" data-srcset=\"https:\/\/eldiariodesanpedro.com.ar\/sitio\/wp-content\/uploads\/2018\/07\/WhatsApp-Image-2018-07-22-at-13.11.20-768x1024.jpeg 768w, https:\/\/eldiariodesanpedro.com.ar\/sitio\/wp-content\/uploads\/2018\/07\/WhatsApp-Image-2018-07-22-at-13.11.20-225x300.jpeg 225w, https:\/\/eldiariodesanpedro.com.ar\/sitio\/wp-content\/uploads\/2018\/07\/WhatsApp-Image-2018-07-22-at-13.11.20.jpeg 960w\" data-sizes=\"(max-width: 660px) 100vw, 660px\" src=\"data:image\/svg+xml;base64,PHN2ZyB3aWR0aD0iMSIgaGVpZ2h0PSIxIiB4bWxucz0iaHR0cDovL3d3dy53My5vcmcvMjAwMC9zdmciPjwvc3ZnPg==\" style=\"--smush-placeholder-width: 660px; --smush-placeholder-aspect-ratio: 660\/880;\" \/><\/p>\n<p>Luego a la tarde, tambi\u00e9n se procedi\u00f3 al secuestro de una motocicleta Guerrero Trip 110cc, color negra, sobre calle R\u00f3mulo Naon y Avenida Espa\u00f1a y al registrarla por el sistema de computos no tenia pedido de secuestro activo.<br \/>\nLas dos motocicletas fueron alojadas en la Dependencia Local labr\u00e1ndose actuaciones caratuladas hallazgo, tomando intervenci\u00f3n la UFI N\u00ba5.<\/p>\n<p><img decoding=\"async\" data-attachment-id=\"36964\" data-permalink=\"https:\/\/eldiariodesanpedro.com.ar\/sitio\/dos-motos-fueron-halladas-abandonadas-en-la-via-publica\/whatsapp-image-2018-07-23-at-09-42-47\/\" data-orig-file=\"https:\/\/eldiariodesanpedro.com.ar\/sitio\/wp-content\/uploads\/2018\/07\/WhatsApp-Image-2018-07-23-at-09.42.47.jpeg\" data-orig-size=\"1280,768\" data-comments-opened=\"1\" data-image-meta=\"{&quot;aperture&quot;:&quot;0&quot;,&quot;credit&quot;:&quot;&quot;,&quot;camera&quot;:&quot;&quot;,&quot;caption&quot;:&quot;&quot;,&quot;created_timestamp&quot;:&quot;0&quot;,&quot;copyright&quot;:&quot;&quot;,&quot;focal_length&quot;:&quot;0&quot;,&quot;iso&quot;:&quot;0&quot;,&quot;shutter_speed&quot;:&quot;0&quot;,&quot;title&quot;:&quot;&quot;,&quot;orientation&quot;:&quot;0&quot;}\" data-image-title=\"WhatsApp Image 2018-07-23 at 09.42.47\" data-image-description=\"\" data-image-caption=\"\" data-large-file=\"https:\/\/eldiariodesanpedro.com.ar\/sitio\/wp-content\/uploads\/2018\/07\/WhatsApp-Image-2018-07-23-at-09.42.47-1024x614.jpeg\" data-src=\"https:\/\/eldiariodesanpedro.com.ar\/sitio\/wp-content\/uploads\/2018\/07\/WhatsApp-Image-2018-07-23-at-09.42.47-1024x614.jpeg\" alt=\"\" width=\"660\" height=\"396\" class=\"alignnone size-large wp-image-36964 lazyload\" data-srcset=\"https:\/\/eldiariodesanpedro.com.ar\/sitio\/wp-content\/uploads\/2018\/07\/WhatsApp-Image-2018-07-23-at-09.42.47-1024x614.jpeg 1024w, https:\/\/eldiariodesanpedro.com.ar\/sitio\/wp-content\/uploads\/2018\/07\/WhatsApp-Image-2018-07-23-at-09.42.47-300x180.jpeg 300w, https:\/\/eldiariodesanpedro.com.ar\/sitio\/wp-content\/uploads\/2018\/07\/WhatsApp-Image-2018-07-23-at-09.42.47-768x461.jpeg 768w, https:\/\/eldiariodesanpedro.com.ar\/sitio\/wp-content\/uploads\/2018\/07\/WhatsApp-Image-2018-07-23-at-09.42.47.jpeg 1280w\" data-sizes=\"(max-width: 660px) 100vw, 660px\" src=\"data:image\/svg+xml;base64,PHN2ZyB3aWR0aD0iMSIgaGVpZ2h0PSIxIiB4bWxucz0iaHR0cDovL3d3dy53My5vcmcvMjAwMC9zdmciPjwvc3ZnPg==\" style=\"--smush-placeholder-width: 660px; --smush-placeholder-aspect-ratio: 660\/396;\" \/><\/p>\n","protected":false},"excerpt":{"rendered":"<p>El d\u00eda domingo, fueron halladas dos motocicletas abandonadas en la v\u00eda publica, en distintas direcciones, por el personal policial; un rodado presentaba pedido de secuestro activo y el otro no. En la ma\u00f1ana, alrededor de las 10:00hs, sobre calle Mitre y Rafael Obligado se procedi\u00f3 al secuestro de una motocicleta Gilera Smash 110cc que registraba [&hellip;]<\/p>\n","protected":false},"author":4,"featured_media":36964,"comment_status":"open","ping_status":"closed","sticky":false,"template":"","format":"standard","meta":{"om_disable_all_campaigns":false,"_jetpack_memberships_contains_paid_content":false,"footnotes":""},"categories":[50,2,103],"tags":[],"class_list":["post-36962","post","type-post","status-publish","format-standard","has-post-thumbnail","hentry","category-destacadas","category-locales","category-policiales-locales"],"aioseo_notices":[],"gutentor_comment":0,"jetpack_featured_media_url":"https:\/\/eldiariodesanpedro.com.ar\/sitio\/wp-content\/uploads\/2018\/07\/WhatsApp-Image-2018-07-23-at-09.42.47.jpeg","jetpack_shortlink":"https:\/\/wp.me\/p6RhLt-9Ca","jetpack_sharing_enabled":true,"_links":{"self":[{"href":"https:\/\/eldiariodesanpedro.com.ar\/sitio\/wp-json\/wp\/v2\/posts\/36962","targetHints":{"allow":["GET"]}}],"collection":[{"href":"https:\/\/eldiariodesanpedro.com.ar\/sitio\/wp-json\/wp\/v2\/posts"}],"about":[{"href":"https:\/\/eldiariodesanpedro.com.ar\/sitio\/wp-json\/wp\/v2\/types\/post"}],"author":[{"embeddable":true,"href":"https:\/\/eldiariodesanpedro.com.ar\/sitio\/wp-json\/wp\/v2\/users\/4"}],"replies":[{"embeddable":true,"href":"https:\/\/eldiariodesanpedro.com.ar\/sitio\/wp-json\/wp\/v2\/comments?post=36962"}],"version-history":[{"count":1,"href":"https:\/\/eldiariodesanpedro.com.ar\/sitio\/wp-json\/wp\/v2\/posts\/36962\/revisions"}],"predecessor-version":[{"id":36966,"href":"https:\/\/eldiariodesanpedro.com.ar\/sitio\/wp-json\/wp\/v2\/posts\/36962\/revisions\/36966"}],"wp:featuredmedia":[{"embeddable":true,"href":"https:\/\/eldiariodesanpedro.com.ar\/sitio\/wp-json\/wp\/v2\/media\/36964"}],"wp:attachment":[{"href":"https:\/\/eldiariodesanpedro.com.ar\/sitio\/wp-json\/wp\/v2\/media?parent=36962"}],"wp:term":[{"taxonomy":"category","embeddable":true,"href":"https:\/\/eldiariodesanpedro.com.ar\/sitio\/wp-json\/wp\/v2\/categories?post=36962"},{"taxonomy":"post_tag","embeddable":true,"href":"https:\/\/eldiariodesanpedro.com.ar\/sitio\/wp-json\/wp\/v2\/tags?post=36962"}],"curies":[{"name":"wp","href":"https:\/\/api.w.org\/{rel}","templated":true}]}}