{"id":36952,"date":"2018-07-22T20:29:32","date_gmt":"2018-07-22T23:29:32","guid":{"rendered":"https:\/\/eldiariodesanpedro.com.ar\/sitio\/?p=36952"},"modified":"2026-01-23T23:51:31","modified_gmt":"2026-01-24T02:51:31","slug":"futbol-cuarta-division","status":"publish","type":"post","link":"https:\/\/eldiariodesanpedro.com.ar\/sitio\/futbol-cuarta-division\/","title":{"rendered":"F\u00daTBOL: Cuarta divisi\u00f3n"},"content":{"rendered":"<p><!-- VideographyWP Plugin Message: Automatic video embedding prevented by plugin options. --><br \/>\nEl de ida lo gan\u00f3 el \u201cverde\u201d 2 a 1, ventaja que le permiti\u00f3 luego con el empate consagrarse campe\u00f3n del Torneo Apertura de cuarta divisi\u00f3n.<\/p>\n<p>Paran\u00e1 se puso en ventaja por tanto conseguido por Ger\u00f3nimo Peralta, en la parte inicial. El \u201cAlbi\u201d tiene una excelente base con algunas individualidades interesantes que desde el infantil se destacan, pero la visita, equipo que est\u00e1 muy bien armado y tiene interesantes jugadores con gran futuro, logr\u00f3 igualar por intermedio de Kevin Caballero, resultado que a pesar del esfuerzo del local, no pudo desnivelar. Paran\u00e1 sufri\u00f3 la expulsi\u00f3n de Mateo P\u00e9rez y luego del cotejo habr\u00edan sido informados algunos jugadores por el \u00e1rbitro Juan Casco por exceso verbal.<br \/>\nIgualmente nada empa\u00f1a los dos buenos partidos y la vuelta ol\u00edmpica de La Esperanza. <\/p>\n<p><strong>S\u00edntesis del partido<\/strong><br \/>\n<em>Paran\u00e1 FC 1 &#8211; La Esperanza 1<\/em><br \/>\nParan\u00e1 FC: Juan Alcorta Vigne, Theo Ballerini, Mateo P\u00e9rez, Nicol\u00e1s Rold\u00e1n, Juan Acosta, Santiago P\u00e9rez, Ger\u00f3nimo Peralta, Nicol\u00e1s Valles, Facundo Siarra Mor\u00e1n, y Michel Casco. DT: M. Castell\u00e1n-M. Morello. Relevos: Alejandro Moreno, Francisco Flores Trusso, Paul Salazar, Federico Laurino y Bruno Marinelli.<\/p>\n<p>La Esperanza: Santiago Gonz\u00e1lez, Santino Aguilar, Uriel B\u00e1ez, El\u00edas Arzamend\u00eda, Joaqu\u00edn Hunziquer, Gonzalo Rodr\u00edguez, Alexis Silva, Facundo Cuello, Valent\u00edn Ortiz, Juan Diego Pascual y Valent\u00edn Saucedo. DT: Walter Silva. Relevos: Rodrigo Franco, Juan Segundo Trotta, Kevin Caballero, Juli\u00e1n Monteggia y Leonel Velo.<br \/>\nGoles: G. Peralta (PFC), K. Caballero (LE)<br \/>\nIncidencias: Exp. Mateo P\u00e9rez (PFC)<br \/>\n\u00c1rbitro: Juan CASCO<br \/>\nCancha: Paran\u00e1 FC<\/p>\n","protected":false},"excerpt":{"rendered":"<p>El de ida lo gan\u00f3 el \u201cverde\u201d 2 a 1, ventaja que le permiti\u00f3 luego con el empate consagrarse campe\u00f3n del Torneo Apertura de cuarta divisi\u00f3n. Paran\u00e1 se puso en ventaja por tanto conseguido por Ger\u00f3nimo Peralta, en la parte inicial. El \u201cAlbi\u201d tiene una excelente base con algunas individualidades interesantes que desde el infantil [&hellip;]<\/p>\n","protected":false},"author":4,"featured_media":36956,"comment_status":"open","ping_status":"closed","sticky":false,"template":"","format":"standard","meta":{"om_disable_all_campaigns":false,"_jetpack_memberships_contains_paid_content":false,"footnotes":""},"categories":[5],"tags":[],"class_list":["post-36952","post","type-post","status-publish","format-standard","has-post-thumbnail","hentry","category-deportes"],"aioseo_notices":[],"gutentor_comment":0,"jetpack_featured_media_url":"https:\/\/eldiariodesanpedro.com.ar\/sitio\/wp-content\/uploads\/2018\/07\/El-festejo-del-campe\u00f3n-se-traslad\u00f3-a-las-calles-de-la-ciudad.jpg","jetpack_shortlink":"https:\/\/wp.me\/p6RhLt-9C0","jetpack_sharing_enabled":true,"_links":{"self":[{"href":"https:\/\/eldiariodesanpedro.com.ar\/sitio\/wp-json\/wp\/v2\/posts\/36952","targetHints":{"allow":["GET"]}}],"collection":[{"href":"https:\/\/eldiariodesanpedro.com.ar\/sitio\/wp-json\/wp\/v2\/posts"}],"about":[{"href":"https:\/\/eldiariodesanpedro.com.ar\/sitio\/wp-json\/wp\/v2\/types\/post"}],"author":[{"embeddable":true,"href":"https:\/\/eldiariodesanpedro.com.ar\/sitio\/wp-json\/wp\/v2\/users\/4"}],"replies":[{"embeddable":true,"href":"https:\/\/eldiariodesanpedro.com.ar\/sitio\/wp-json\/wp\/v2\/comments?post=36952"}],"version-history":[{"count":1,"href":"https:\/\/eldiariodesanpedro.com.ar\/sitio\/wp-json\/wp\/v2\/posts\/36952\/revisions"}],"predecessor-version":[{"id":36957,"href":"https:\/\/eldiariodesanpedro.com.ar\/sitio\/wp-json\/wp\/v2\/posts\/36952\/revisions\/36957"}],"wp:featuredmedia":[{"embeddable":true,"href":"https:\/\/eldiariodesanpedro.com.ar\/sitio\/wp-json\/wp\/v2\/media\/36956"}],"wp:attachment":[{"href":"https:\/\/eldiariodesanpedro.com.ar\/sitio\/wp-json\/wp\/v2\/media?parent=36952"}],"wp:term":[{"taxonomy":"category","embeddable":true,"href":"https:\/\/eldiariodesanpedro.com.ar\/sitio\/wp-json\/wp\/v2\/categories?post=36952"},{"taxonomy":"post_tag","embeddable":true,"href":"https:\/\/eldiariodesanpedro.com.ar\/sitio\/wp-json\/wp\/v2\/tags?post=36952"}],"curies":[{"name":"wp","href":"https:\/\/api.w.org\/{rel}","templated":true}]}}