{"id":36951,"date":"2018-07-22T20:28:33","date_gmt":"2018-07-22T23:28:33","guid":{"rendered":"https:\/\/eldiariodesanpedro.com.ar\/sitio\/?p=36951"},"modified":"2026-01-23T23:51:31","modified_gmt":"2026-01-24T02:51:31","slug":"futbol-independencia-campeon-de-quinta-division","status":"publish","type":"post","link":"https:\/\/eldiariodesanpedro.com.ar\/sitio\/futbol-independencia-campeon-de-quinta-division\/","title":{"rendered":"F\u00daTBOL: Independencia campe\u00f3n de quinta divisi\u00f3n"},"content":{"rendered":"<p><!-- VideographyWP Plugin Message: Automatic video embedding prevented by plugin options. --><br \/>\n  Durante la jornada del s\u00e1bado se disputaron los partidos revanchas de las finales del torneo Apertura, siendo las s\u00edntesis de quinta y cuarta divisi\u00f3n las siguientes:<\/p>\n<p>  En el Torneo que lleva como nombre el de \u201cJorge Santiso\u201d, dirigente de Independencia fallecido el a\u00f1o anterior, en homenaje su club pudo dar una vuelta ol\u00edmpica, en una divisi\u00f3n donde hay mucha paridad, se impuso a otro buen equipo como Paran\u00e1, partido que s\u00f3lo pudo definirse en la v\u00eda de los penales, ya que en el partido de ida igualaron 1-1 y la revancha 3-3, aunque fue cambiante y a pocos del final lo ganaba Paran\u00e1.<\/p>\n<p>  Independencia arranc\u00f3 ganando 2 a 0, tantos logrados por Fern\u00e1ndez y Porcell, pero Paran\u00e1 lo dio vuelta con sendos tantos de Cano, Bennazar y Zapata, y cuando ya parec\u00eda que se lo llevaba el \u201cAlbirojo\u201d Gast\u00f3n Abaca lo igual\u00f3.<\/p>\n<p>  En los penales Independencia se impuso 4 a 1, convirtiendo Porcell, Melgar, Soto y Leiva. En Paran\u00e1 Macelli, mientras que el tiro de Marinelli lo contuvo Alderete y el remate de Cano se fue desviado.<\/p>\n<p><strong>S\u00edntesis del partido<\/strong><br \/>\n<em>Independencia FC 3 (4) &#8211; Paran\u00e1 FC 3 (1)<\/em><br \/>\nIndependencia FC: Ferm\u00edn Alderete, Alex Soto, Lautaro Posadas, Franco Brienza, Valent\u00edn Moyano, Benjam\u00edn Leiva, Israel Melgar, Nahuel Fern\u00e1ndez, Camilo Rufach, Gast\u00f3n Abaca y Rodrigo Porcell. DT: M. Sandoval y P. Delgado. Relevos: Nahuel Dom\u00ednguez, Michael Kloster, Gianluca Balbuena y Kevin Abaca.<br \/>\nParan\u00e1: Juan Fern\u00e1ndez, Bruno Marinelli, Alan Actis, Ramiro Berna, Franco Cano, Bautista Camarasa, Valent\u00edn Gauna, Franco Cano, Thiago Bennazar, Mirco Zapata y Mart\u00edn Barrag\u00e1n. DT: Jorge Mantovani. Relevos: Nicol\u00e1s Freixedes, Franco Ben\u00edtez, Axel Ortega, M\u00e1ximo P\u00e9rez y Gast\u00f3n Novo.<br \/>\nGoles: Fern\u00e1ndez, Porcell y G. Abaca (IFC), Cano, Bennazar y Mirco Zapata (PFC)<br \/>\n\u00c1rbitro: Horacio ARIAS<br \/>\nCancha: Independencia FC<\/p>\n","protected":false},"excerpt":{"rendered":"<p>Durante la jornada del s\u00e1bado se disputaron los partidos revanchas de las finales del torneo Apertura, siendo las s\u00edntesis de quinta y cuarta divisi\u00f3n las siguientes: En el Torneo que lleva como nombre el de \u201cJorge Santiso\u201d, dirigente de Independencia fallecido el a\u00f1o anterior, en homenaje su club pudo dar una vuelta ol\u00edmpica, en una [&hellip;]<\/p>\n","protected":false},"author":4,"featured_media":36954,"comment_status":"open","ping_status":"closed","sticky":false,"template":"","format":"standard","meta":{"om_disable_all_campaigns":false,"_jetpack_memberships_contains_paid_content":false,"footnotes":""},"categories":[5],"tags":[],"class_list":["post-36951","post","type-post","status-publish","format-standard","has-post-thumbnail","hentry","category-deportes"],"aioseo_notices":[],"gutentor_comment":0,"jetpack_featured_media_url":"https:\/\/eldiariodesanpedro.com.ar\/sitio\/wp-content\/uploads\/2018\/07\/Independencia-campe\u00f3n.jpg","jetpack_shortlink":"https:\/\/wp.me\/p6RhLt-9BZ","jetpack_sharing_enabled":true,"_links":{"self":[{"href":"https:\/\/eldiariodesanpedro.com.ar\/sitio\/wp-json\/wp\/v2\/posts\/36951","targetHints":{"allow":["GET"]}}],"collection":[{"href":"https:\/\/eldiariodesanpedro.com.ar\/sitio\/wp-json\/wp\/v2\/posts"}],"about":[{"href":"https:\/\/eldiariodesanpedro.com.ar\/sitio\/wp-json\/wp\/v2\/types\/post"}],"author":[{"embeddable":true,"href":"https:\/\/eldiariodesanpedro.com.ar\/sitio\/wp-json\/wp\/v2\/users\/4"}],"replies":[{"embeddable":true,"href":"https:\/\/eldiariodesanpedro.com.ar\/sitio\/wp-json\/wp\/v2\/comments?post=36951"}],"version-history":[{"count":1,"href":"https:\/\/eldiariodesanpedro.com.ar\/sitio\/wp-json\/wp\/v2\/posts\/36951\/revisions"}],"predecessor-version":[{"id":36955,"href":"https:\/\/eldiariodesanpedro.com.ar\/sitio\/wp-json\/wp\/v2\/posts\/36951\/revisions\/36955"}],"wp:featuredmedia":[{"embeddable":true,"href":"https:\/\/eldiariodesanpedro.com.ar\/sitio\/wp-json\/wp\/v2\/media\/36954"}],"wp:attachment":[{"href":"https:\/\/eldiariodesanpedro.com.ar\/sitio\/wp-json\/wp\/v2\/media?parent=36951"}],"wp:term":[{"taxonomy":"category","embeddable":true,"href":"https:\/\/eldiariodesanpedro.com.ar\/sitio\/wp-json\/wp\/v2\/categories?post=36951"},{"taxonomy":"post_tag","embeddable":true,"href":"https:\/\/eldiariodesanpedro.com.ar\/sitio\/wp-json\/wp\/v2\/tags?post=36951"}],"curies":[{"name":"wp","href":"https:\/\/api.w.org\/{rel}","templated":true}]}}