{"id":36946,"date":"2018-07-22T20:10:22","date_gmt":"2018-07-22T23:10:22","guid":{"rendered":"https:\/\/eldiariodesanpedro.com.ar\/sitio\/?p=36946"},"modified":"2018-07-22T20:10:22","modified_gmt":"2018-07-22T23:10:22","slug":"arrecifes-triple-colision-en-el-camino-de-la-costa","status":"publish","type":"post","link":"https:\/\/eldiariodesanpedro.com.ar\/sitio\/arrecifes-triple-colision-en-el-camino-de-la-costa\/","title":{"rendered":"ARRECIFES: Triple colisi\u00f3n en el camino de la costa"},"content":{"rendered":"<p><!-- VideographyWP Plugin Message: Automatic video embedding prevented by plugin options. --><br \/>\nEn la tarde noche de ayer se produjo una gran colisi\u00f3n de transito sobre el camino de la costa a la altura del kil\u00f3metro 7 aproximadamente. All\u00ed acudieron dos dotaciones de bomberos y personal policial de Comisar\u00eda 1ra, Destacamento Villa Gral. Savio y Guardia Urbana realizaron el balizado y corte del tr\u00e1nsito.<\/p>\n<p>  Tres veh\u00edculos chocaron y como producto del accidente al menos un masculino hab\u00eda quedado atrapado dentro de su veh\u00edculo. El informe de Bomberos voluntarios dio cuenta de que un Ford k, una Renault Kangoo y una Ford EcoSport fueron los protagonistas.<\/p>\n<p>  El trabajo que debi\u00f3 realizar bomberos const\u00f3 en hacer un triage de foco y proceder a la estabilizaci\u00f3n del Ford K y la Ford EcoSport, esta \u00faltima estaba volcada sobre el lateral izquierdo. Con herramientas hidr\u00e1ulicas se procedi\u00f3 a liberar un masculino que circulaba en direcci\u00f3n a San Nicol\u00e1s.   En simult\u00e1neo se rescat\u00f3 a la conductora de la EcoSport una vez a salvo, las v\u00edctimas fueron inmovilizadas.<\/p>\n<p>  El masculino fue trasladado por hospital mientras que la mujer fue trasladada por bomberos. La circulaci\u00f3n en dicha arteria se vio afectada hasta tanto Polic\u00eda cient\u00edfica realizar\u00e1 las pericias de rigor. En el lugar aguard\u00f3 una dotaci\u00f3n que una vez completadas las pericias realiz\u00f3 la limpieza de la calzada.<\/p>\n<p>Fuente: Arrecifes Noticias<\/p>\n","protected":false},"excerpt":{"rendered":"<p>En la tarde noche de ayer se produjo una gran colisi\u00f3n de transito sobre el camino de la costa a la altura del kil\u00f3metro 7 aproximadamente. All\u00ed acudieron dos dotaciones de bomberos y personal policial de Comisar\u00eda 1ra, Destacamento Villa Gral. Savio y Guardia Urbana realizaron el balizado y corte del tr\u00e1nsito. Tres veh\u00edculos chocaron [&hellip;]<\/p>\n","protected":false},"author":4,"featured_media":36947,"comment_status":"open","ping_status":"closed","sticky":false,"template":"","format":"standard","meta":{"om_disable_all_campaigns":false,"_jetpack_memberships_contains_paid_content":false,"footnotes":""},"categories":[621],"tags":[],"class_list":["post-36946","post","type-post","status-publish","format-standard","has-post-thumbnail","hentry","category-regionales"],"aioseo_notices":[],"gutentor_comment":0,"jetpack_featured_media_url":"https:\/\/eldiariodesanpedro.com.ar\/sitio\/wp-content\/uploads\/2018\/07\/ARRECIFES-Triple-colisi\u00f3n-en-el-camino-de-la-costa.jpg","jetpack_shortlink":"https:\/\/wp.me\/p6RhLt-9BU","jetpack_sharing_enabled":true,"_links":{"self":[{"href":"https:\/\/eldiariodesanpedro.com.ar\/sitio\/wp-json\/wp\/v2\/posts\/36946","targetHints":{"allow":["GET"]}}],"collection":[{"href":"https:\/\/eldiariodesanpedro.com.ar\/sitio\/wp-json\/wp\/v2\/posts"}],"about":[{"href":"https:\/\/eldiariodesanpedro.com.ar\/sitio\/wp-json\/wp\/v2\/types\/post"}],"author":[{"embeddable":true,"href":"https:\/\/eldiariodesanpedro.com.ar\/sitio\/wp-json\/wp\/v2\/users\/4"}],"replies":[{"embeddable":true,"href":"https:\/\/eldiariodesanpedro.com.ar\/sitio\/wp-json\/wp\/v2\/comments?post=36946"}],"version-history":[{"count":1,"href":"https:\/\/eldiariodesanpedro.com.ar\/sitio\/wp-json\/wp\/v2\/posts\/36946\/revisions"}],"predecessor-version":[{"id":36950,"href":"https:\/\/eldiariodesanpedro.com.ar\/sitio\/wp-json\/wp\/v2\/posts\/36946\/revisions\/36950"}],"wp:featuredmedia":[{"embeddable":true,"href":"https:\/\/eldiariodesanpedro.com.ar\/sitio\/wp-json\/wp\/v2\/media\/36947"}],"wp:attachment":[{"href":"https:\/\/eldiariodesanpedro.com.ar\/sitio\/wp-json\/wp\/v2\/media?parent=36946"}],"wp:term":[{"taxonomy":"category","embeddable":true,"href":"https:\/\/eldiariodesanpedro.com.ar\/sitio\/wp-json\/wp\/v2\/categories?post=36946"},{"taxonomy":"post_tag","embeddable":true,"href":"https:\/\/eldiariodesanpedro.com.ar\/sitio\/wp-json\/wp\/v2\/tags?post=36946"}],"curies":[{"name":"wp","href":"https:\/\/api.w.org\/{rel}","templated":true}]}}