{"id":36943,"date":"2018-07-23T09:58:22","date_gmt":"2018-07-23T12:58:22","guid":{"rendered":"https:\/\/eldiariodesanpedro.com.ar\/sitio\/?p=36943"},"modified":"2018-07-23T09:58:22","modified_gmt":"2018-07-23T12:58:22","slug":"exitosa-segunda-edicion-de-la-fiesta-de-la-naranja-de-ombligo","status":"publish","type":"post","link":"https:\/\/eldiariodesanpedro.com.ar\/sitio\/exitosa-segunda-edicion-de-la-fiesta-de-la-naranja-de-ombligo\/","title":{"rendered":"Exitosa segunda edici\u00f3n de La Fiesta de la Naranja de Ombligo"},"content":{"rendered":"<p><!-- VideographyWP Plugin Message: Automatic video embedding prevented by plugin options. --><br \/>\nEste fin de semana tuvo lugar en nuestra ciudad las actividades proyectadas para la segunda edici\u00f3n de la \u00abFiesta de la Naranja de Ombligo\u00bb en la plazoleta Fray Cayetano Rodriguez.<\/p>\n<p>Durante este sabado y domingo se realizo la segunda edici\u00f3n de la Fiesta de la Naranja de Ombligo en la plazoleta Fray Cayetano Rodr\u00edguez donde se pudo disfrutar de diversas actividades y shows musicales sobre el escenario con el Cierre el dia domingo con el Grupo Tupa (Ex trio laurel).<\/p>\n<p>Se realizaron actividades culinarias, culturales y stands relacionadas a la actividad citr\u00edcola, el s\u00e1bado comenz\u00f3 a 13 hs. los shows de Cocina \u201cA la Naranja\u201d a cargo del Chef Pablo Marigliano, despu\u00e9s \u201cJoselito Fermani\u201d y seguidamente se desarroll\u00f3 una Taller de Arte para ni\u00f1os, inspirado en la naranja, coordinado por Mariana Maroli, continuo con la presentaci\u00f3n bailes t\u00edpicos de las islas baleares de la Agrupaci\u00f3n Mallorca, prosigui\u00f3 con la Musica de Martin Franchini y cerro la primera jornada la joven voz de \u201cShany La Dulce\u201d con toda la musica tropical.<\/p>\n<p>En la segunda jornada comenz\u00f3 con una gira t\u00e9cnica por la producci\u00f3n de naranja a trav\u00e9s de diferentes lugares de producci\u00f3n de la misma teniendo como salida desde la Vieja CAsona de Turismo acompa\u00f1ados por un gu\u00eda de turismo y uno perteneciente al INTA. Luego ya en el escenario ubicado en la plazoleta nuevamente se presento un show de Cocina \u201cA la Naranja\u201d presentado por Chef Pablo Marigliano. Despu\u00e9s se presento el grupo de Baile perteneciente a Tama Pettone quienes deslumbraron con su presencia, nuevamente Mariana Maroli propietaria de Las Amalias realizo un taller para ni\u00f1os igual que en la primera jornada, despu\u00e9s se presento el show musical de \u201cPichuco Gomez\u201d, continuo en el escenario con el show Rocio Cipolla y para terminar y cerrar esta exitosa edici\u00f3n la presentaci\u00f3n del Grupo \u201cTUPA\u201d.<\/p>\n<p>Por parte de la Directora de Turismo Marcela Cu\u00f1er resalto que el fin del evento es volver a poner en valor la actividad rural que supo ser hace ya varios a\u00f1os atr\u00e1s un motor de la econom\u00eda del partido, ademas tambi\u00e9n comento que ya se ve un crecimiento con respectos a la primera edici\u00f3n y que se le ira agregando diferentes actividades a\u00f1o a a\u00f1o. Con respecto a la afluencia de turistas realizo que el fin de semana tuvo un importante caudal de turistas quienes se acercaron para la primera jornada y decidieron quedarse tambi\u00e9n para la segunda no solo por este evento sino para disfrutar de las diferentes actividades que propone nuestra ciudad.<\/p>\n","protected":false},"excerpt":{"rendered":"<p>Este fin de semana tuvo lugar en nuestra ciudad las actividades proyectadas para la segunda edici\u00f3n de la \u00abFiesta de la Naranja de Ombligo\u00bb en la plazoleta Fray Cayetano Rodriguez. Durante este sabado y domingo se realizo la segunda edici\u00f3n de la Fiesta de la Naranja de Ombligo en la plazoleta Fray Cayetano Rodr\u00edguez donde [&hellip;]<\/p>\n","protected":false},"author":4,"featured_media":36948,"comment_status":"open","ping_status":"closed","sticky":false,"template":"","format":"standard","meta":{"om_disable_all_campaigns":false,"_jetpack_memberships_contains_paid_content":false,"footnotes":""},"categories":[50,101,2],"tags":[],"class_list":["post-36943","post","type-post","status-publish","format-standard","has-post-thumbnail","hentry","category-destacadas","category-interes-general-locales","category-locales"],"aioseo_notices":[],"gutentor_comment":0,"jetpack_featured_media_url":"https:\/\/eldiariodesanpedro.com.ar\/sitio\/wp-content\/uploads\/2018\/07\/TAPA-1-2.jpg","jetpack_shortlink":"https:\/\/wp.me\/p6RhLt-9BR","jetpack_sharing_enabled":true,"_links":{"self":[{"href":"https:\/\/eldiariodesanpedro.com.ar\/sitio\/wp-json\/wp\/v2\/posts\/36943","targetHints":{"allow":["GET"]}}],"collection":[{"href":"https:\/\/eldiariodesanpedro.com.ar\/sitio\/wp-json\/wp\/v2\/posts"}],"about":[{"href":"https:\/\/eldiariodesanpedro.com.ar\/sitio\/wp-json\/wp\/v2\/types\/post"}],"author":[{"embeddable":true,"href":"https:\/\/eldiariodesanpedro.com.ar\/sitio\/wp-json\/wp\/v2\/users\/4"}],"replies":[{"embeddable":true,"href":"https:\/\/eldiariodesanpedro.com.ar\/sitio\/wp-json\/wp\/v2\/comments?post=36943"}],"version-history":[{"count":1,"href":"https:\/\/eldiariodesanpedro.com.ar\/sitio\/wp-json\/wp\/v2\/posts\/36943\/revisions"}],"predecessor-version":[{"id":36949,"href":"https:\/\/eldiariodesanpedro.com.ar\/sitio\/wp-json\/wp\/v2\/posts\/36943\/revisions\/36949"}],"wp:featuredmedia":[{"embeddable":true,"href":"https:\/\/eldiariodesanpedro.com.ar\/sitio\/wp-json\/wp\/v2\/media\/36948"}],"wp:attachment":[{"href":"https:\/\/eldiariodesanpedro.com.ar\/sitio\/wp-json\/wp\/v2\/media?parent=36943"}],"wp:term":[{"taxonomy":"category","embeddable":true,"href":"https:\/\/eldiariodesanpedro.com.ar\/sitio\/wp-json\/wp\/v2\/categories?post=36943"},{"taxonomy":"post_tag","embeddable":true,"href":"https:\/\/eldiariodesanpedro.com.ar\/sitio\/wp-json\/wp\/v2\/tags?post=36943"}],"curies":[{"name":"wp","href":"https:\/\/api.w.org\/{rel}","templated":true}]}}