{"id":36940,"date":"2018-07-22T19:59:59","date_gmt":"2018-07-22T22:59:59","guid":{"rendered":"https:\/\/eldiariodesanpedro.com.ar\/sitio\/?p=36940"},"modified":"2018-07-22T19:59:59","modified_gmt":"2018-07-22T22:59:59","slug":"zarate-impactante-choque-entre-auto-y-moto-en-av-antartida-argentina-un-vecino-herido-de-gravedad","status":"publish","type":"post","link":"https:\/\/eldiariodesanpedro.com.ar\/sitio\/zarate-impactante-choque-entre-auto-y-moto-en-av-antartida-argentina-un-vecino-herido-de-gravedad\/","title":{"rendered":"Z\u00c1RATE: Impactante choque entre auto y moto en Av. Ant\u00e1rtida Argentina: un vecino herido de gravedad"},"content":{"rendered":"<p><!-- VideographyWP Plugin Message: Automatic video embedding prevented by plugin options. --><br \/>\nUn grav\u00edsimo accidente de tr\u00e1nsito ocurri\u00f3 esta ma\u00f1ana en Av. Ant\u00e1rtida Argentina y calle 32, involucrando a un Ford Ka y una moto 110cc.<\/p>\n<p>  Por c\u00f3mo qued\u00f3 el auto, se estima que su conductor ven\u00eda circulando a gran velocidad. Fuentes policiales confirmaron a este medio que el resultado del test de alcoholemia le dio positivo con 0.6 g\/l.<\/p>\n<p>  El motociclista est\u00e1 en grav\u00edsimo estado de salud. Presenta fractura de cr\u00e1neo y de ambas piernas, y fue llevado por el SEMU al Hospital Virgen del Carmen.<\/p>\n<p>  Pasado el mediod\u00eda Polic\u00eda Cient\u00edfica realiz\u00f3 las tareas de peritaje en el lugar. Adem\u00e1s, se registraron importantes da\u00f1os en el mobiliario urbano y la destrucci\u00f3n de una c\u00e1mara de la DPU.<br \/>\n  El tr\u00e1nsito se encontr\u00f3 cortado por el Comando Patrulla.<\/p>\n<p>Fuente: Enlace Cr\u00edtico<\/p>\n","protected":false},"excerpt":{"rendered":"<p>Un grav\u00edsimo accidente de tr\u00e1nsito ocurri\u00f3 esta ma\u00f1ana en Av. Ant\u00e1rtida Argentina y calle 32, involucrando a un Ford Ka y una moto 110cc. Por c\u00f3mo qued\u00f3 el auto, se estima que su conductor ven\u00eda circulando a gran velocidad. Fuentes policiales confirmaron a este medio que el resultado del test de alcoholemia le dio positivo [&hellip;]<\/p>\n","protected":false},"author":4,"featured_media":36944,"comment_status":"open","ping_status":"closed","sticky":false,"template":"","format":"standard","meta":{"om_disable_all_campaigns":false,"_jetpack_memberships_contains_paid_content":false,"footnotes":""},"categories":[621],"tags":[],"class_list":["post-36940","post","type-post","status-publish","format-standard","has-post-thumbnail","hentry","category-regionales"],"aioseo_notices":[],"gutentor_comment":0,"jetpack_featured_media_url":"https:\/\/eldiariodesanpedro.com.ar\/sitio\/wp-content\/uploads\/2018\/07\/Impactante-choque-entre-auto-y-moto-en-Av.-Ant\u00e1rtida-Argentina.jpg","jetpack_shortlink":"https:\/\/wp.me\/p6RhLt-9BO","jetpack_sharing_enabled":true,"_links":{"self":[{"href":"https:\/\/eldiariodesanpedro.com.ar\/sitio\/wp-json\/wp\/v2\/posts\/36940","targetHints":{"allow":["GET"]}}],"collection":[{"href":"https:\/\/eldiariodesanpedro.com.ar\/sitio\/wp-json\/wp\/v2\/posts"}],"about":[{"href":"https:\/\/eldiariodesanpedro.com.ar\/sitio\/wp-json\/wp\/v2\/types\/post"}],"author":[{"embeddable":true,"href":"https:\/\/eldiariodesanpedro.com.ar\/sitio\/wp-json\/wp\/v2\/users\/4"}],"replies":[{"embeddable":true,"href":"https:\/\/eldiariodesanpedro.com.ar\/sitio\/wp-json\/wp\/v2\/comments?post=36940"}],"version-history":[{"count":1,"href":"https:\/\/eldiariodesanpedro.com.ar\/sitio\/wp-json\/wp\/v2\/posts\/36940\/revisions"}],"predecessor-version":[{"id":36945,"href":"https:\/\/eldiariodesanpedro.com.ar\/sitio\/wp-json\/wp\/v2\/posts\/36940\/revisions\/36945"}],"wp:featuredmedia":[{"embeddable":true,"href":"https:\/\/eldiariodesanpedro.com.ar\/sitio\/wp-json\/wp\/v2\/media\/36944"}],"wp:attachment":[{"href":"https:\/\/eldiariodesanpedro.com.ar\/sitio\/wp-json\/wp\/v2\/media?parent=36940"}],"wp:term":[{"taxonomy":"category","embeddable":true,"href":"https:\/\/eldiariodesanpedro.com.ar\/sitio\/wp-json\/wp\/v2\/categories?post=36940"},{"taxonomy":"post_tag","embeddable":true,"href":"https:\/\/eldiariodesanpedro.com.ar\/sitio\/wp-json\/wp\/v2\/tags?post=36940"}],"curies":[{"name":"wp","href":"https:\/\/api.w.org\/{rel}","templated":true}]}}