{"id":36939,"date":"2018-07-22T19:56:19","date_gmt":"2018-07-22T22:56:19","guid":{"rendered":"https:\/\/eldiariodesanpedro.com.ar\/sitio\/?p=36939"},"modified":"2018-07-22T19:56:19","modified_gmt":"2018-07-22T22:56:19","slug":"san-nicolas-emiliano-estaria-completamente-de-acuerdo-con-la-decision-que-tomamos","status":"publish","type":"post","link":"https:\/\/eldiariodesanpedro.com.ar\/sitio\/san-nicolas-emiliano-estaria-completamente-de-acuerdo-con-la-decision-que-tomamos\/","title":{"rendered":"SAN NICOL\u00c1S: \u201cEmiliano estar\u00eda completamente de acuerdo con la decisi\u00f3n que tomamos\u201d"},"content":{"rendered":"<p><!-- VideographyWP Plugin Message: Automatic video embedding prevented by plugin options. --><br \/>\nPocos d\u00edas antes de que se aprobara la denominada \u00abLey Justina\u00bb, una familia nicole\u00f1a debi\u00f3 enfrentar una dura decisi\u00f3n, en un momento muy triste. Fue cuando los padres del joven Emiliano Mendoza decidieron donar los \u00f3rganos y tejidos de su hijo, diagnosticado con muerte cerebral tras accidentarse en la v\u00eda p\u00fablica. Esa decisi\u00f3n permiti\u00f3 que cuatro personas puedan seguir adelante con una mejor calidad de vida.<\/p>\n<p>  El 4 de julio pasado se aprobaba la \u00abLey Justina\u00bb, a partir de la cual todos los mayores de edad en la Argentina son donantes de \u00f3rganos a menos que se hayan opuesto en vida. La norma -entre otras cosas- elimina la necesidad de que los familiares den su consentimiento para la ablaci\u00f3n de los \u00f3rganos. Veinte d\u00edas antes de que los 202 Diputados de la Naci\u00f3n aprobaran -sin abstenciones- la norma que tom\u00f3 forma y fuerza tras la muerte de una ni\u00f1a a la que nunca le lleg\u00f3 el coraz\u00f3n que necesitaba para seguir viviendo, en San Nicol\u00e1s se produc\u00eda un hecho que marcar\u00e1 la vida de cuatro familias. Un episodio tr\u00e1gico, y a la vez de mucho amor.<\/p>\n<p>  A las 7:15 de la ma\u00f1ana del 9 de junio, Emiliano Nahuel Mendoza perd\u00eda el control de su moto cuando circulaba por inmediaciones del viaducto de calle Naci\u00f3n. Su cabeza dio en el asfalto, provoc\u00e1ndole una lesi\u00f3n cr\u00edtica. Ten\u00eda 18 a\u00f1os, y le dio pelea a la muerte durante algunos d\u00edas. Su familia, de fuertes creencias religiosas, se aferr\u00f3 a eso que nunca se debe perder. Hasta que la luz de esperanza se extingui\u00f3, siete d\u00edas despu\u00e9s.<br \/>\n  \u201cFue una decisi\u00f3n muy dif\u00edcil\u201d cuenta Viviana Pavez, una mam\u00e1 a la que le cambi\u00f3 la vida para siempre cuando escuch\u00f3 de boca de los m\u00e9dicos del hospital San Felipe que su hijo, Emiliano, ten\u00eda muerte cerebral. Al mismo tiempo, tambi\u00e9n le cambiaba la vida a las tres personas que recibieron los \u00f3rganos de un Emiliano que, seg\u00fan se enorgullece Viviana, \u201cestar\u00eda completamente de acuerdo con la decisi\u00f3n que tomamos\u201d.<br \/>\n  \u201cUna vez que los profesionales del INCUCAI confirmaron el diagn\u00f3stico, nos presentan la posibilidad de que Emiliano, un chico muy sano, pudiera ser donante. Fue una situaci\u00f3n muy fuerte, porque no todos coincid\u00edamos en la familia. Algunos de mis hijos aprobaban donar los \u00f3rganos y otros se opon\u00edan. Fue una decisi\u00f3n muy dura\u201d, asegura Viviana, quien trajo al mundo a siete hijos.<br \/>\n  \u201cDecidimos donar los \u00f3rganos de Emiliano luego de que el Pastor nos hiciera ver que la nuestra es una familia muy grande, y que alg\u00fan d\u00eda mis hijos o mis nietos podr\u00edan necesitar que alguien les donara un \u00f3rgano. Esa posibilidad nos hizo tomar conciencia de que Emiliano, que siempre fue un chico muy solidario, pod\u00eda ayudar a otros\u201d, cont\u00f3 Viviana.<br \/>\n  De acuerdo a lo informado por el INCUCAI, el ri\u00f1\u00f3n derecho extirpado a Emiliano sirvi\u00f3 para que una ni\u00f1a de 14 a\u00f1os dejara atr\u00e1s sus d\u00edas de di\u00e1lisis. Tambi\u00e9n para que una mujer de 43 a\u00f1os recibiera el ri\u00f1\u00f3n izquierdo y el p\u00e1ncreas, lo cual le permiti\u00f3 solucionar la insuficiencia renal que la obligaba a realizarse di\u00e1lisis durante cuatro horas, tres veces a la semana. Adem\u00e1s, la decisi\u00f3n de los padres de Emiliano ha permitido que un hombre de 43 a\u00f1os pueda hoy contar con un h\u00edgado que le asegura una mejor calidad de vida.<\/p>\n<p><strong>Solidario, en vida<\/strong><br \/>\n  Empatizar es mucho m\u00e1s que ponerse en los zapatos de alguien. M\u00e1s bien es intentar incorporar al otro dentro de uno mismo, sin perder la identidad. Tal vez esa empat\u00eda que los padres sent\u00edan por Emiliano fue la que termin\u00f3 de inclinar la decisi\u00f3n. \u201cHoy creemos que Emiliano estar\u00eda contento con la decisi\u00f3n que tomamos. \u00c9l era un chico muy solidario, muy servicial. Siempre tend\u00eda una mano al que lo necesitaba\u201d, describe Viviana antes de contar una an\u00e9cdota que le agita el coraz\u00f3n. \u201cHace unos siete meses, Emiliano se encontr\u00f3 con un chico herido en la calle. Ten\u00eda una herida de bala en la espalda. Igualmente, asumi\u00f3 el riesgo que representaba ayudar a una persona que hab\u00eda recibido un disparo, lo carg\u00f3 en la moto y lo llev\u00f3 al hospital. Eso lo hace alguien que tiene mucha humanidad\u201d, se enorgullece la madre.<\/p>\n<p>  Viviana cuenta que \u201cla ausencia de Emiliano duele cada d\u00eda un poco m\u00e1s\u201d. Que cualquier circunstancia del d\u00eda le trae un vivo recuerdo de su hijo. \u201cNos levantamos llorando y nos acostamos llorando.\u201d, revela. \u201cPero nos damos fuerza y \u00e1nimo porque tenemos seis hijos y ocho nietos que nos necesitan, y a los que amamos profundamente\u201d. Uno de esos nietos es hijo de Emiliano. Tiene 15 meses de vida, y el enorme cari\u00f1o que le transmite la numerosa familia. \u201cLo vamos a criar con mucho amor\u201d, asegura Viviana.<br \/>\n  Emiliano Mendoza trabajaba junto a su padre, de lunes a viernes. \u201cEra la mano derecha de mi marido. Su \u00fanico vicio era el f\u00fatbol\u201d, afirma Viviana. El tema de la donaci\u00f3n de \u00f3rganos alguna vez fue parte de la mesa familiar en la casa de los Mendoza. \u201cHace a\u00f1os mi marido tuvo un accidente que le provoc\u00f3 la p\u00e9rdida de un ojo. Emiliano siempre dec\u00eda que si pudiera le donar\u00eda un ojo a su padre\u201d.<\/p>\n<p><strong>Vivir en otra persona<\/strong><br \/>\n  Los \u00f3rganos extirpados al cuerpo de Emiliano Mendoza sirvieron para mejorar -hasta el momento- tres vidas. Lo de \u201chasta el momento\u201d obedece a que el INCUCAI tiene congelados otros \u00f3rganos y tejidos de Emiliano, que pueden ser trasplantados a personas que se figuran en lista de espera.<br \/>\n  \u201cMe gustar\u00eda encontrarme con las personas que recibieron los \u00f3rganos de mi hijo\u201d, afirma Viviana, asumiendo esa imposibilidad debido a que la Ley resguarda la identidad de quien recibe cu\u00e1l \u00f3rgano. \u201cS\u00e9 que la donaci\u00f3n de Emiliano sirvi\u00f3 para que pueda vivir una chiquita de 14 a\u00f1os. Tambi\u00e9n ayud\u00f3 a otros dos personas que ahora van a poder vivir mejor. Eso nos da mucha paz\u201d, dice.<br \/>\n  \u201cDecenas de j\u00f3venes pasaron por el hospital para preguntar por Emiliano y, despu\u00e9s, acudieron al velorio. El esp\u00edritu solidario que ten\u00eda mi hijo hoy nos hace ver que su legado es haber sido un gran amigo, una muy buena persona\u201d.<\/p>\n<p><strong>Un equipo clave<\/strong><br \/>\n  La Direcci\u00f3n de Aeron\u00e1utica de la provincia de Buenos Aires opera una peque\u00f1a flota de aviones que -entre otras- tienen la misi\u00f3n de llevar a cabo vuelos sanitarios y traslados de \u00f3rganos, as\u00ed como tambi\u00e9n brindar ayuda en episodios de cat\u00e1strofes ambientales. Esta tarea silenciosa permite salvar vidas, todos los d\u00edas del a\u00f1o. Varias veces al a\u00f1o, una avioneta sanitaria aterriza en el Aeroclub San Nicol\u00e1s para iniciar el traslado de los \u00f3rganos desde el Hospital San Felipe a los centros de salud especializados en trasplantes. En otros casos se traslada al paciente que va a recibir la donaci\u00f3n.<br \/>\n  \u201cDesde el CUCAIBA nos informan que ha aparecido un posible donante, se pone en marcha el operativo con un equipo m\u00e9dico que llega al aeropuerto para que lo traslademos hasta el lugar en el que se encuentra el posible donante. En el camino, otro equipo m\u00e9dico le realiza los estudios pertinentes al posible donante y receptor, y las autoridades m\u00e9dicas hablan con los familiares. Si todo est\u00e1 en condiciones, se vuelve a trasladar a un equipo de cirujanos para que realice la intervenci\u00f3n de trasplante\u201d, explic\u00f3 Sebasti\u00e1n Tidoni, uno de los 22 pilotos que prestan servicio en la Direcci\u00f3n de Aeron\u00e1utica.<br \/>\n  El Dr. Orlando Maffesoli es pediatra adem\u00e1s de especialista en neonatolog\u00eda, y est\u00e1 a cargo del equipo de traslado sanitario de ni\u00f1os. \u201cNosotros movemos a pacientes en estado cr\u00edtico. La aeronave que nos transporta cuenta con equipamiento de terapia intensiva para dar respuesta ante cualquier situaci\u00f3n que pueda presentarse en vuelo\u201d, explic\u00f3.<br \/>\n  Hace 24 a\u00f1os que el Dr. Maffesoli realiza vuelos pedi\u00e1tricos y neonatales. Ha estado en varias oportunidades en San Nicol\u00e1s, aunque una de ellas es la que m\u00e1s recuerda ya que fue uno de los m\u00e9dicos que intent\u00f3 reanimar a Cristian Quir\u00f3z, el ni\u00f1o de 5 a\u00f1os que falleci\u00f3 luego de permanecer durante 32 horas en el fondo de un pozo de 18 metros. <\/p>\n<p>Fuente: Diario El Norte<\/p>\n","protected":false},"excerpt":{"rendered":"<p>Pocos d\u00edas antes de que se aprobara la denominada \u00abLey Justina\u00bb, una familia nicole\u00f1a debi\u00f3 enfrentar una dura decisi\u00f3n, en un momento muy triste. Fue cuando los padres del joven Emiliano Mendoza decidieron donar los \u00f3rganos y tejidos de su hijo, diagnosticado con muerte cerebral tras accidentarse en la v\u00eda p\u00fablica. Esa decisi\u00f3n permiti\u00f3 que [&hellip;]<\/p>\n","protected":false},"author":4,"featured_media":36941,"comment_status":"open","ping_status":"closed","sticky":false,"template":"","format":"standard","meta":{"om_disable_all_campaigns":false,"_jetpack_memberships_contains_paid_content":false,"footnotes":""},"categories":[621],"tags":[],"class_list":["post-36939","post","type-post","status-publish","format-standard","has-post-thumbnail","hentry","category-regionales"],"aioseo_notices":[],"gutentor_comment":0,"jetpack_featured_media_url":"https:\/\/eldiariodesanpedro.com.ar\/sitio\/wp-content\/uploads\/2018\/07\/La-familia-de-Emiliano.jpg","jetpack_shortlink":"https:\/\/wp.me\/p6RhLt-9BN","jetpack_sharing_enabled":true,"_links":{"self":[{"href":"https:\/\/eldiariodesanpedro.com.ar\/sitio\/wp-json\/wp\/v2\/posts\/36939","targetHints":{"allow":["GET"]}}],"collection":[{"href":"https:\/\/eldiariodesanpedro.com.ar\/sitio\/wp-json\/wp\/v2\/posts"}],"about":[{"href":"https:\/\/eldiariodesanpedro.com.ar\/sitio\/wp-json\/wp\/v2\/types\/post"}],"author":[{"embeddable":true,"href":"https:\/\/eldiariodesanpedro.com.ar\/sitio\/wp-json\/wp\/v2\/users\/4"}],"replies":[{"embeddable":true,"href":"https:\/\/eldiariodesanpedro.com.ar\/sitio\/wp-json\/wp\/v2\/comments?post=36939"}],"version-history":[{"count":1,"href":"https:\/\/eldiariodesanpedro.com.ar\/sitio\/wp-json\/wp\/v2\/posts\/36939\/revisions"}],"predecessor-version":[{"id":36942,"href":"https:\/\/eldiariodesanpedro.com.ar\/sitio\/wp-json\/wp\/v2\/posts\/36939\/revisions\/36942"}],"wp:featuredmedia":[{"embeddable":true,"href":"https:\/\/eldiariodesanpedro.com.ar\/sitio\/wp-json\/wp\/v2\/media\/36941"}],"wp:attachment":[{"href":"https:\/\/eldiariodesanpedro.com.ar\/sitio\/wp-json\/wp\/v2\/media?parent=36939"}],"wp:term":[{"taxonomy":"category","embeddable":true,"href":"https:\/\/eldiariodesanpedro.com.ar\/sitio\/wp-json\/wp\/v2\/categories?post=36939"},{"taxonomy":"post_tag","embeddable":true,"href":"https:\/\/eldiariodesanpedro.com.ar\/sitio\/wp-json\/wp\/v2\/tags?post=36939"}],"curies":[{"name":"wp","href":"https:\/\/api.w.org\/{rel}","templated":true}]}}