{"id":36932,"date":"2018-07-22T19:20:02","date_gmt":"2018-07-22T22:20:02","guid":{"rendered":"https:\/\/eldiariodesanpedro.com.ar\/sitio\/?p=36932"},"modified":"2018-07-22T19:20:02","modified_gmt":"2018-07-22T22:20:02","slug":"con-la-mesa-citricola-de-abrio-la-2-fiesta-de-la-naranja","status":"publish","type":"post","link":"https:\/\/eldiariodesanpedro.com.ar\/sitio\/con-la-mesa-citricola-de-abrio-la-2-fiesta-de-la-naranja\/","title":{"rendered":"Con la Mesa Citr\u00edcola de abri\u00f3 la 2\u00b0 Fiesta de la Naranja"},"content":{"rendered":"<p><!-- VideographyWP Plugin Message: Automatic video embedding prevented by plugin options. --><br \/>\nComo antesala de lo que ser\u00e1 desde ma\u00f1ana la segunda edici\u00f3n de la Fiesta de la Naranja de Ombligo en San Pedro, comenzaron esta tarde las actividades organizadas por la Municipalidad de San Pedro junto a un grupo de entidades que con mucho entusiasmo viene trabajando en los preparativos desde hace varios meses.<\/p>\n<p>En el sal\u00f3n de reuniones de la Direcci\u00f3n de Turismo autoridades municipales dieron apertura oficial a la Segunda Mesa Citr\u00edcola con la presencia de funcionarios y productores.<\/p>\n<p>Despu\u00e9s de la primera experiencia en un establecimiento rural, esta segunda mesa se plante\u00f3 en la ciudad pero ser\u00e1 acompa\u00f1ada de diferentes recorridas y encuentros tem\u00e1ticos que abordan de manera t\u00e9cnica todo lo relacionado con la producci\u00f3n.<\/p>\n<p>La decisi\u00f3n de retomar con mucha fuerza  una pol\u00edtica de estado para la producci\u00f3n de frutas en la regi\u00f3n tiene en estos espacios un punto de referencia que es valorado por todo el sector.<\/p>\n<p>El Ingeniero Norberto Angel del INTA, experto en Citricultura realiz\u00f3 un an\u00e1lisis hist\u00f3rico de la citricultura en la regi\u00f3n e identific\u00f3 los puntos a resolver para recurar la actividad San pedro. <\/p>\n<p>Participaron de la misma autoridades de la Provincia de Buenos Aires, el Ing. Miguel Tezanos Pinto Subsecretario de Agricultura Ganader\u00eda y Pesca, del Mint. De Agroindustria, el Ing. Esteban Serra Director de Horticultura y Fruticultura del Mint. De Agroindustria, y de Naci\u00f3n Juan Cruz Lopez Barrios Coordinador Fruticola del Ministerio de Agroindustria de Naci\u00f3n.<\/p>\n<p>Tambi\u00e9n del gabinete Municipal el Secretario de Gobierno y Desarrollo Econ\u00f3mico Silvio Corti, el Subsecretario de Desarrollo Econ\u00f3mico Alfredo Camilletti, la Directora de Turismo Marcela Cu\u00f1er y el Coordinador de Producci\u00f3n Hugo Ram\u00edrez. <\/p>\n<p>Algunas de las Instituciones que participaron fueron CAPROEM, la C\u00e1mara de Viveristas, y el INTA.<\/p>\n<div data-carousel-extra='{&quot;blog_id&quot;:1,&quot;permalink&quot;:&quot;https:\/\/eldiariodesanpedro.com.ar\/sitio\/con-la-mesa-citricola-de-abrio-la-2-fiesta-de-la-naranja\/&quot;}' id='gallery-1' class='gallery galleryid-36932 gallery-columns-3 gallery-size-full'><figure class='gallery-item'>\n\t\t\t<div class='gallery-icon landscape'>\n\t\t\t\t<a href='https:\/\/eldiariodesanpedro.com.ar\/sitio\/wp-content\/uploads\/2018\/07\/BI4A6256.jpg'><img decoding=\"async\" width=\"2809\" height=\"1955\" data-src=\"https:\/\/eldiariodesanpedro.com.ar\/sitio\/wp-content\/uploads\/2018\/07\/BI4A6256.jpg\" class=\"attachment-full size-full lazyload\" alt=\"El Diario de San Pedro | Noticias locales y regionales\" data-srcset=\"https:\/\/eldiariodesanpedro.com.ar\/sitio\/wp-content\/uploads\/2018\/07\/BI4A6256.jpg 2809w, https:\/\/eldiariodesanpedro.com.ar\/sitio\/wp-content\/uploads\/2018\/07\/BI4A6256-300x209.jpg 300w, https:\/\/eldiariodesanpedro.com.ar\/sitio\/wp-content\/uploads\/2018\/07\/BI4A6256-768x535.jpg 768w, https:\/\/eldiariodesanpedro.com.ar\/sitio\/wp-content\/uploads\/2018\/07\/BI4A6256-1024x713.jpg 1024w, https:\/\/eldiariodesanpedro.com.ar\/sitio\/wp-content\/uploads\/2018\/07\/BI4A6256-392x272.jpg 392w, https:\/\/eldiariodesanpedro.com.ar\/sitio\/wp-content\/uploads\/2018\/07\/BI4A6256-130x90.jpg 130w\" data-sizes=\"(max-width: 2809px) 100vw, 2809px\" data-attachment-id=\"36936\" data-permalink=\"https:\/\/eldiariodesanpedro.com.ar\/sitio\/con-la-mesa-citricola-de-abrio-la-2-fiesta-de-la-naranja\/bi4a6256\/\" data-orig-file=\"https:\/\/eldiariodesanpedro.com.ar\/sitio\/wp-content\/uploads\/2018\/07\/BI4A6256.jpg\" data-orig-size=\"2809,1955\" data-comments-opened=\"1\" data-image-meta=\"{&quot;aperture&quot;:&quot;4&quot;,&quot;credit&quot;:&quot;&quot;,&quot;camera&quot;:&quot;Canon EOS 5D Mark III&quot;,&quot;caption&quot;:&quot;&quot;,&quot;created_timestamp&quot;:&quot;1539794427&quot;,&quot;copyright&quot;:&quot;&quot;,&quot;focal_length&quot;:&quot;105&quot;,&quot;iso&quot;:&quot;2500&quot;,&quot;shutter_speed&quot;:&quot;0.02&quot;,&quot;title&quot;:&quot;&quot;,&quot;orientation&quot;:&quot;0&quot;}\" data-image-title=\"BI4A6256\" data-image-description=\"\" data-image-caption=\"\" data-large-file=\"https:\/\/eldiariodesanpedro.com.ar\/sitio\/wp-content\/uploads\/2018\/07\/BI4A6256-1024x713.jpg\" src=\"data:image\/svg+xml;base64,PHN2ZyB3aWR0aD0iMSIgaGVpZ2h0PSIxIiB4bWxucz0iaHR0cDovL3d3dy53My5vcmcvMjAwMC9zdmciPjwvc3ZnPg==\" style=\"--smush-placeholder-width: 2809px; --smush-placeholder-aspect-ratio: 2809\/1955;\" \/><\/a>\n\t\t\t<\/div><\/figure><figure class='gallery-item'>\n\t\t\t<div class='gallery-icon landscape'>\n\t\t\t\t<a href='https:\/\/eldiariodesanpedro.com.ar\/sitio\/wp-content\/uploads\/2018\/07\/BI4A6255.jpg'><img decoding=\"async\" width=\"3840\" height=\"2361\" data-src=\"https:\/\/eldiariodesanpedro.com.ar\/sitio\/wp-content\/uploads\/2018\/07\/BI4A6255.jpg\" class=\"attachment-full size-full lazyload\" alt=\"El Diario de San Pedro | Noticias locales y regionales\" data-srcset=\"https:\/\/eldiariodesanpedro.com.ar\/sitio\/wp-content\/uploads\/2018\/07\/BI4A6255.jpg 3840w, https:\/\/eldiariodesanpedro.com.ar\/sitio\/wp-content\/uploads\/2018\/07\/BI4A6255-300x184.jpg 300w, https:\/\/eldiariodesanpedro.com.ar\/sitio\/wp-content\/uploads\/2018\/07\/BI4A6255-768x472.jpg 768w, https:\/\/eldiariodesanpedro.com.ar\/sitio\/wp-content\/uploads\/2018\/07\/BI4A6255-1024x630.jpg 1024w\" data-sizes=\"(max-width: 3840px) 100vw, 3840px\" data-attachment-id=\"36933\" data-permalink=\"https:\/\/eldiariodesanpedro.com.ar\/sitio\/con-la-mesa-citricola-de-abrio-la-2-fiesta-de-la-naranja\/bi4a6255\/\" data-orig-file=\"https:\/\/eldiariodesanpedro.com.ar\/sitio\/wp-content\/uploads\/2018\/07\/BI4A6255.jpg\" data-orig-size=\"3840,2361\" data-comments-opened=\"1\" data-image-meta=\"{&quot;aperture&quot;:&quot;4&quot;,&quot;credit&quot;:&quot;&quot;,&quot;camera&quot;:&quot;Canon EOS 5D Mark III&quot;,&quot;caption&quot;:&quot;&quot;,&quot;created_timestamp&quot;:&quot;1539794020&quot;,&quot;copyright&quot;:&quot;&quot;,&quot;focal_length&quot;:&quot;24&quot;,&quot;iso&quot;:&quot;2500&quot;,&quot;shutter_speed&quot;:&quot;0.02&quot;,&quot;title&quot;:&quot;&quot;,&quot;orientation&quot;:&quot;0&quot;}\" data-image-title=\"BI4A6255\" data-image-description=\"\" data-image-caption=\"\" data-large-file=\"https:\/\/eldiariodesanpedro.com.ar\/sitio\/wp-content\/uploads\/2018\/07\/BI4A6255-1024x630.jpg\" src=\"data:image\/svg+xml;base64,PHN2ZyB3aWR0aD0iMSIgaGVpZ2h0PSIxIiB4bWxucz0iaHR0cDovL3d3dy53My5vcmcvMjAwMC9zdmciPjwvc3ZnPg==\" style=\"--smush-placeholder-width: 3840px; --smush-placeholder-aspect-ratio: 3840\/2361;\" \/><\/a>\n\t\t\t<\/div><\/figure><figure class='gallery-item'>\n\t\t\t<div class='gallery-icon landscape'>\n\t\t\t\t<a href='https:\/\/eldiariodesanpedro.com.ar\/sitio\/wp-content\/uploads\/2018\/07\/BI4A6249.jpg'><img decoding=\"async\" width=\"3281\" height=\"2095\" data-src=\"https:\/\/eldiariodesanpedro.com.ar\/sitio\/wp-content\/uploads\/2018\/07\/BI4A6249.jpg\" class=\"attachment-full size-full lazyload\" alt=\"El Diario de San Pedro | Noticias locales y regionales\" data-srcset=\"https:\/\/eldiariodesanpedro.com.ar\/sitio\/wp-content\/uploads\/2018\/07\/BI4A6249.jpg 3281w, https:\/\/eldiariodesanpedro.com.ar\/sitio\/wp-content\/uploads\/2018\/07\/BI4A6249-300x192.jpg 300w, https:\/\/eldiariodesanpedro.com.ar\/sitio\/wp-content\/uploads\/2018\/07\/BI4A6249-768x490.jpg 768w, https:\/\/eldiariodesanpedro.com.ar\/sitio\/wp-content\/uploads\/2018\/07\/BI4A6249-1024x654.jpg 1024w\" data-sizes=\"(max-width: 3281px) 100vw, 3281px\" data-attachment-id=\"36935\" data-permalink=\"https:\/\/eldiariodesanpedro.com.ar\/sitio\/con-la-mesa-citricola-de-abrio-la-2-fiesta-de-la-naranja\/bi4a6249\/\" data-orig-file=\"https:\/\/eldiariodesanpedro.com.ar\/sitio\/wp-content\/uploads\/2018\/07\/BI4A6249.jpg\" data-orig-size=\"3281,2095\" data-comments-opened=\"1\" data-image-meta=\"{&quot;aperture&quot;:&quot;4&quot;,&quot;credit&quot;:&quot;&quot;,&quot;camera&quot;:&quot;Canon EOS 5D Mark III&quot;,&quot;caption&quot;:&quot;&quot;,&quot;created_timestamp&quot;:&quot;1539793913&quot;,&quot;copyright&quot;:&quot;&quot;,&quot;focal_length&quot;:&quot;105&quot;,&quot;iso&quot;:&quot;1600&quot;,&quot;shutter_speed&quot;:&quot;0.016666666666667&quot;,&quot;title&quot;:&quot;&quot;,&quot;orientation&quot;:&quot;0&quot;}\" data-image-title=\"BI4A6249\" data-image-description=\"\" data-image-caption=\"\" data-large-file=\"https:\/\/eldiariodesanpedro.com.ar\/sitio\/wp-content\/uploads\/2018\/07\/BI4A6249-1024x654.jpg\" src=\"data:image\/svg+xml;base64,PHN2ZyB3aWR0aD0iMSIgaGVpZ2h0PSIxIiB4bWxucz0iaHR0cDovL3d3dy53My5vcmcvMjAwMC9zdmciPjwvc3ZnPg==\" style=\"--smush-placeholder-width: 3281px; --smush-placeholder-aspect-ratio: 3281\/2095;\" \/><\/a>\n\t\t\t<\/div><\/figure><figure class='gallery-item'>\n\t\t\t<div class='gallery-icon landscape'>\n\t\t\t\t<a href='https:\/\/eldiariodesanpedro.com.ar\/sitio\/wp-content\/uploads\/2018\/07\/BI4A6246.jpg'><img decoding=\"async\" width=\"3439\" height=\"1546\" data-src=\"https:\/\/eldiariodesanpedro.com.ar\/sitio\/wp-content\/uploads\/2018\/07\/BI4A6246.jpg\" class=\"attachment-full size-full lazyload\" alt=\"El Diario de San Pedro | Noticias locales y regionales\" data-srcset=\"https:\/\/eldiariodesanpedro.com.ar\/sitio\/wp-content\/uploads\/2018\/07\/BI4A6246.jpg 3439w, https:\/\/eldiariodesanpedro.com.ar\/sitio\/wp-content\/uploads\/2018\/07\/BI4A6246-300x135.jpg 300w, https:\/\/eldiariodesanpedro.com.ar\/sitio\/wp-content\/uploads\/2018\/07\/BI4A6246-768x345.jpg 768w, https:\/\/eldiariodesanpedro.com.ar\/sitio\/wp-content\/uploads\/2018\/07\/BI4A6246-1024x460.jpg 1024w\" data-sizes=\"(max-width: 3439px) 100vw, 3439px\" data-attachment-id=\"36934\" data-permalink=\"https:\/\/eldiariodesanpedro.com.ar\/sitio\/con-la-mesa-citricola-de-abrio-la-2-fiesta-de-la-naranja\/bi4a6246\/\" data-orig-file=\"https:\/\/eldiariodesanpedro.com.ar\/sitio\/wp-content\/uploads\/2018\/07\/BI4A6246.jpg\" data-orig-size=\"3439,1546\" data-comments-opened=\"1\" data-image-meta=\"{&quot;aperture&quot;:&quot;4&quot;,&quot;credit&quot;:&quot;&quot;,&quot;camera&quot;:&quot;Canon EOS 5D Mark III&quot;,&quot;caption&quot;:&quot;&quot;,&quot;created_timestamp&quot;:&quot;1539793883&quot;,&quot;copyright&quot;:&quot;&quot;,&quot;focal_length&quot;:&quot;28&quot;,&quot;iso&quot;:&quot;1600&quot;,&quot;shutter_speed&quot;:&quot;0.016666666666667&quot;,&quot;title&quot;:&quot;&quot;,&quot;orientation&quot;:&quot;0&quot;}\" data-image-title=\"BI4A6246\" data-image-description=\"\" data-image-caption=\"\" data-large-file=\"https:\/\/eldiariodesanpedro.com.ar\/sitio\/wp-content\/uploads\/2018\/07\/BI4A6246-1024x460.jpg\" src=\"data:image\/svg+xml;base64,PHN2ZyB3aWR0aD0iMSIgaGVpZ2h0PSIxIiB4bWxucz0iaHR0cDovL3d3dy53My5vcmcvMjAwMC9zdmciPjwvc3ZnPg==\" style=\"--smush-placeholder-width: 3439px; --smush-placeholder-aspect-ratio: 3439\/1546;\" \/><\/a>\n\t\t\t<\/div><\/figure>\n\t\t<\/div>\n\n","protected":false},"excerpt":{"rendered":"<p>Como antesala de lo que ser\u00e1 desde ma\u00f1ana la segunda edici\u00f3n de la Fiesta de la Naranja de Ombligo en San Pedro, comenzaron esta tarde las actividades organizadas por la Municipalidad de San Pedro junto a un grupo de entidades que con mucho entusiasmo viene trabajando en los preparativos desde hace varios meses. En el [&hellip;]<\/p>\n","protected":false},"author":4,"featured_media":36933,"comment_status":"open","ping_status":"closed","sticky":false,"template":"","format":"standard","meta":{"om_disable_all_campaigns":false,"_jetpack_memberships_contains_paid_content":false,"footnotes":""},"categories":[101,2],"tags":[],"class_list":["post-36932","post","type-post","status-publish","format-standard","has-post-thumbnail","hentry","category-interes-general-locales","category-locales"],"aioseo_notices":[],"gutentor_comment":0,"jetpack_featured_media_url":"https:\/\/eldiariodesanpedro.com.ar\/sitio\/wp-content\/uploads\/2018\/07\/BI4A6255.jpg","jetpack_shortlink":"https:\/\/wp.me\/p6RhLt-9BG","jetpack_sharing_enabled":true,"_links":{"self":[{"href":"https:\/\/eldiariodesanpedro.com.ar\/sitio\/wp-json\/wp\/v2\/posts\/36932","targetHints":{"allow":["GET"]}}],"collection":[{"href":"https:\/\/eldiariodesanpedro.com.ar\/sitio\/wp-json\/wp\/v2\/posts"}],"about":[{"href":"https:\/\/eldiariodesanpedro.com.ar\/sitio\/wp-json\/wp\/v2\/types\/post"}],"author":[{"embeddable":true,"href":"https:\/\/eldiariodesanpedro.com.ar\/sitio\/wp-json\/wp\/v2\/users\/4"}],"replies":[{"embeddable":true,"href":"https:\/\/eldiariodesanpedro.com.ar\/sitio\/wp-json\/wp\/v2\/comments?post=36932"}],"version-history":[{"count":1,"href":"https:\/\/eldiariodesanpedro.com.ar\/sitio\/wp-json\/wp\/v2\/posts\/36932\/revisions"}],"predecessor-version":[{"id":36937,"href":"https:\/\/eldiariodesanpedro.com.ar\/sitio\/wp-json\/wp\/v2\/posts\/36932\/revisions\/36937"}],"wp:featuredmedia":[{"embeddable":true,"href":"https:\/\/eldiariodesanpedro.com.ar\/sitio\/wp-json\/wp\/v2\/media\/36933"}],"wp:attachment":[{"href":"https:\/\/eldiariodesanpedro.com.ar\/sitio\/wp-json\/wp\/v2\/media?parent=36932"}],"wp:term":[{"taxonomy":"category","embeddable":true,"href":"https:\/\/eldiariodesanpedro.com.ar\/sitio\/wp-json\/wp\/v2\/categories?post=36932"},{"taxonomy":"post_tag","embeddable":true,"href":"https:\/\/eldiariodesanpedro.com.ar\/sitio\/wp-json\/wp\/v2\/tags?post=36932"}],"curies":[{"name":"wp","href":"https:\/\/api.w.org\/{rel}","templated":true}]}}