{"id":36871,"date":"2018-07-21T15:13:49","date_gmt":"2018-07-21T18:13:49","guid":{"rendered":"https:\/\/eldiariodesanpedro.com.ar\/sitio\/?p=36871"},"modified":"2018-07-21T15:28:42","modified_gmt":"2018-07-21T18:28:42","slug":"efectuo-disparos-frente-a-su-casa-para-que-se-valla","status":"publish","type":"post","link":"https:\/\/eldiariodesanpedro.com.ar\/sitio\/efectuo-disparos-frente-a-su-casa-para-que-se-valla\/","title":{"rendered":"Efectu\u00f3 disparos frente a su casa para que se vaya"},"content":{"rendered":"<p><!-- VideographyWP Plugin Message: Automatic video embedding prevented by plugin options. --><br \/>\nUna ciudadana de 30 a\u00f1os de edad, denunci\u00f3 en  la Comisaria de nuestra ciudad que un ciudadano, a quien nombra y conoce, le efectu\u00f3 disparos de  arma de fuego contra su vivienda, sito en calle Pueyrred\u00f3n al 1400, con intenci\u00f3n, seg\u00fan sus dichos, de que se retire de la misma para adue\u00f1arse. <\/p>\n<p>Toma intervenci\u00f3n la  UFI N\u00b05 a cargo del Dr Manso<\/p>\n","protected":false},"excerpt":{"rendered":"<p>Una ciudadana de 30 a\u00f1os de edad, denunci\u00f3 en la Comisaria de nuestra ciudad que un ciudadano, a quien nombra y conoce, le efectu\u00f3 disparos de arma de fuego contra su vivienda, sito en calle Pueyrred\u00f3n al 1400, con intenci\u00f3n, seg\u00fan sus dichos, de que se retire de la misma para adue\u00f1arse. Toma intervenci\u00f3n la [&hellip;]<\/p>\n","protected":false},"author":4,"featured_media":36374,"comment_status":"open","ping_status":"closed","sticky":false,"template":"","format":"standard","meta":{"om_disable_all_campaigns":false,"_jetpack_memberships_contains_paid_content":false,"footnotes":""},"categories":[2,103],"tags":[],"class_list":["post-36871","post","type-post","status-publish","format-standard","has-post-thumbnail","hentry","category-locales","category-policiales-locales"],"aioseo_notices":[],"gutentor_comment":0,"jetpack_featured_media_url":"https:\/\/eldiariodesanpedro.com.ar\/sitio\/wp-content\/uploads\/2018\/07\/asalto.png","jetpack_shortlink":"https:\/\/wp.me\/p6RhLt-9AH","jetpack_sharing_enabled":true,"_links":{"self":[{"href":"https:\/\/eldiariodesanpedro.com.ar\/sitio\/wp-json\/wp\/v2\/posts\/36871","targetHints":{"allow":["GET"]}}],"collection":[{"href":"https:\/\/eldiariodesanpedro.com.ar\/sitio\/wp-json\/wp\/v2\/posts"}],"about":[{"href":"https:\/\/eldiariodesanpedro.com.ar\/sitio\/wp-json\/wp\/v2\/types\/post"}],"author":[{"embeddable":true,"href":"https:\/\/eldiariodesanpedro.com.ar\/sitio\/wp-json\/wp\/v2\/users\/4"}],"replies":[{"embeddable":true,"href":"https:\/\/eldiariodesanpedro.com.ar\/sitio\/wp-json\/wp\/v2\/comments?post=36871"}],"version-history":[{"count":2,"href":"https:\/\/eldiariodesanpedro.com.ar\/sitio\/wp-json\/wp\/v2\/posts\/36871\/revisions"}],"predecessor-version":[{"id":36875,"href":"https:\/\/eldiariodesanpedro.com.ar\/sitio\/wp-json\/wp\/v2\/posts\/36871\/revisions\/36875"}],"wp:featuredmedia":[{"embeddable":true,"href":"https:\/\/eldiariodesanpedro.com.ar\/sitio\/wp-json\/wp\/v2\/media\/36374"}],"wp:attachment":[{"href":"https:\/\/eldiariodesanpedro.com.ar\/sitio\/wp-json\/wp\/v2\/media?parent=36871"}],"wp:term":[{"taxonomy":"category","embeddable":true,"href":"https:\/\/eldiariodesanpedro.com.ar\/sitio\/wp-json\/wp\/v2\/categories?post=36871"},{"taxonomy":"post_tag","embeddable":true,"href":"https:\/\/eldiariodesanpedro.com.ar\/sitio\/wp-json\/wp\/v2\/tags?post=36871"}],"curies":[{"name":"wp","href":"https:\/\/api.w.org\/{rel}","templated":true}]}}