{"id":36868,"date":"2018-07-21T14:57:27","date_gmt":"2018-07-21T17:57:27","guid":{"rendered":"https:\/\/eldiariodesanpedro.com.ar\/sitio\/?p=36868"},"modified":"2018-07-21T14:57:27","modified_gmt":"2018-07-21T17:57:27","slug":"fue-atropellado-el-jefe-de-la-policia-local","status":"publish","type":"post","link":"https:\/\/eldiariodesanpedro.com.ar\/sitio\/fue-atropellado-el-jefe-de-la-policia-local\/","title":{"rendered":"Fue atropellado el Jefe de la Polic\u00eda Local"},"content":{"rendered":"<p><!-- VideographyWP Plugin Message: Automatic video embedding prevented by plugin options. --><br \/>\nA la nochesita del viernes, personal policial que se encontraba en calle G\u00fcemes y 25 de mayo, en proceder de rutina, intenta interceptar a una motocicleta manipulada por dos jovenes, quienes arremeten contra su humanidad atropell\u00e1ndo, mas precisamente al Jefe de la Policia Local.<\/p>\n<p>Este medio di\u00e1logo con la v\u00edctima, el Comisario Carlos Calder\u00f3n, qui\u00e9n nos contaba que solo intento frenarlos porque ven\u00edan a alta velocidad y haciendo contra explosiones con el ca\u00f1o escape pero lograron atropellarlo resultando lesionada su pierna izquierda y las dos manos.<\/p>\n<p>Los ocupantes del rodado pierden estabilidad cay\u00e9ndose, procediendo a la aprehensi\u00f3n y siendo identificados, el cual  uno de ellos es un menor de 17 a\u00f1os de edad y el restante un joven de 22, resultando ambos con lesiones leves.<\/p>\n<p>Posterior al hecho son traslados  a Dependencia Local juntamente con la motocicleta y promovida comunicaci\u00f3n con UFI N\u00b0 2 del Joven con el Agente Fiscal L\u00f3pez, avala proceder y dispone notificaci\u00f3n del Art. 36 y entrega a su progenitor al menor; tambien notificaci\u00f3n del   Art. 60, liberaci\u00f3n  del mayor y el secuestro del rodado a disposici\u00f3n del Juzgado de Falta.<\/p>\n","protected":false},"excerpt":{"rendered":"<p>A la nochesita del viernes, personal policial que se encontraba en calle G\u00fcemes y 25 de mayo, en proceder de rutina, intenta interceptar a una motocicleta manipulada por dos jovenes, quienes arremeten contra su humanidad atropell\u00e1ndo, mas precisamente al Jefe de la Policia Local. Este medio di\u00e1logo con la v\u00edctima, el Comisario Carlos Calder\u00f3n, qui\u00e9n [&hellip;]<\/p>\n","protected":false},"author":4,"featured_media":36869,"comment_status":"open","ping_status":"closed","sticky":false,"template":"","format":"standard","meta":{"om_disable_all_campaigns":false,"_jetpack_memberships_contains_paid_content":false,"footnotes":""},"categories":[50,2,103],"tags":[],"class_list":["post-36868","post","type-post","status-publish","format-standard","has-post-thumbnail","hentry","category-destacadas","category-locales","category-policiales-locales"],"aioseo_notices":[],"gutentor_comment":0,"jetpack_featured_media_url":"https:\/\/eldiariodesanpedro.com.ar\/sitio\/wp-content\/uploads\/2018\/07\/IMG-20180720-WA0082.jpeg","jetpack_shortlink":"https:\/\/wp.me\/p6RhLt-9AE","jetpack_sharing_enabled":true,"_links":{"self":[{"href":"https:\/\/eldiariodesanpedro.com.ar\/sitio\/wp-json\/wp\/v2\/posts\/36868","targetHints":{"allow":["GET"]}}],"collection":[{"href":"https:\/\/eldiariodesanpedro.com.ar\/sitio\/wp-json\/wp\/v2\/posts"}],"about":[{"href":"https:\/\/eldiariodesanpedro.com.ar\/sitio\/wp-json\/wp\/v2\/types\/post"}],"author":[{"embeddable":true,"href":"https:\/\/eldiariodesanpedro.com.ar\/sitio\/wp-json\/wp\/v2\/users\/4"}],"replies":[{"embeddable":true,"href":"https:\/\/eldiariodesanpedro.com.ar\/sitio\/wp-json\/wp\/v2\/comments?post=36868"}],"version-history":[{"count":1,"href":"https:\/\/eldiariodesanpedro.com.ar\/sitio\/wp-json\/wp\/v2\/posts\/36868\/revisions"}],"predecessor-version":[{"id":36870,"href":"https:\/\/eldiariodesanpedro.com.ar\/sitio\/wp-json\/wp\/v2\/posts\/36868\/revisions\/36870"}],"wp:featuredmedia":[{"embeddable":true,"href":"https:\/\/eldiariodesanpedro.com.ar\/sitio\/wp-json\/wp\/v2\/media\/36869"}],"wp:attachment":[{"href":"https:\/\/eldiariodesanpedro.com.ar\/sitio\/wp-json\/wp\/v2\/media?parent=36868"}],"wp:term":[{"taxonomy":"category","embeddable":true,"href":"https:\/\/eldiariodesanpedro.com.ar\/sitio\/wp-json\/wp\/v2\/categories?post=36868"},{"taxonomy":"post_tag","embeddable":true,"href":"https:\/\/eldiariodesanpedro.com.ar\/sitio\/wp-json\/wp\/v2\/tags?post=36868"}],"curies":[{"name":"wp","href":"https:\/\/api.w.org\/{rel}","templated":true}]}}