{"id":36864,"date":"2018-07-21T14:12:41","date_gmt":"2018-07-21T17:12:41","guid":{"rendered":"https:\/\/eldiariodesanpedro.com.ar\/sitio\/?p=36864"},"modified":"2018-07-21T14:12:41","modified_gmt":"2018-07-21T17:12:41","slug":"un-conductor-ebrio-incrusto-con-su-camioneta-en-una-casa","status":"publish","type":"post","link":"https:\/\/eldiariodesanpedro.com.ar\/sitio\/un-conductor-ebrio-incrusto-con-su-camioneta-en-una-casa\/","title":{"rendered":"Un conductor ebrio incrust\u00f3 con su camioneta en una casa"},"content":{"rendered":"<p><!-- VideographyWP Plugin Message: Automatic video embedding prevented by plugin options. --><br \/>\nEl hecho se produjo en la madrugada de este s\u00e1bado, alrededor de las 3:00hs cuando un joven de 22  a\u00f1os que conduc\u00eda una camioneta Dodge RAM de color  verde incrust\u00f3 violentamente contra el frente de una vivienda.<\/p>\n<p>El evento aconteci\u00f3 en pleno centro de nuestra ciudad, a la altura de G\u00fcemes, entre 25 de Mayo y Belgrano cuando el conductor totalmente alcoholizado doblo en contra mano, se sali\u00f3  de la calzada e impacto en la vivienda.<\/p>\n<p>En el interior se encontraba una mujer que fue asistida por la ambulancia  de emergencia SAME, a la vez que al conductor que qued\u00f3  atrapado en el veh\u00edculo y con la ayuda de una dotaci\u00f3n  de bomberos lograron liberarlo.<\/p>\n","protected":false},"excerpt":{"rendered":"<p>El hecho se produjo en la madrugada de este s\u00e1bado, alrededor de las 3:00hs cuando un joven de 22 a\u00f1os que conduc\u00eda una camioneta Dodge RAM de color verde incrust\u00f3 violentamente contra el frente de una vivienda. El evento aconteci\u00f3 en pleno centro de nuestra ciudad, a la altura de G\u00fcemes, entre 25 de Mayo [&hellip;]<\/p>\n","protected":false},"author":4,"featured_media":36866,"comment_status":"open","ping_status":"closed","sticky":false,"template":"","format":"standard","meta":{"om_disable_all_campaigns":false,"_jetpack_memberships_contains_paid_content":false,"footnotes":""},"categories":[50,2,103],"tags":[],"class_list":["post-36864","post","type-post","status-publish","format-standard","has-post-thumbnail","hentry","category-destacadas","category-locales","category-policiales-locales"],"aioseo_notices":[],"gutentor_comment":0,"jetpack_featured_media_url":"https:\/\/eldiariodesanpedro.com.ar\/sitio\/wp-content\/uploads\/2018\/07\/IMG-20180721-WA0008.jpg","jetpack_shortlink":"https:\/\/wp.me\/p6RhLt-9AA","jetpack_sharing_enabled":true,"_links":{"self":[{"href":"https:\/\/eldiariodesanpedro.com.ar\/sitio\/wp-json\/wp\/v2\/posts\/36864","targetHints":{"allow":["GET"]}}],"collection":[{"href":"https:\/\/eldiariodesanpedro.com.ar\/sitio\/wp-json\/wp\/v2\/posts"}],"about":[{"href":"https:\/\/eldiariodesanpedro.com.ar\/sitio\/wp-json\/wp\/v2\/types\/post"}],"author":[{"embeddable":true,"href":"https:\/\/eldiariodesanpedro.com.ar\/sitio\/wp-json\/wp\/v2\/users\/4"}],"replies":[{"embeddable":true,"href":"https:\/\/eldiariodesanpedro.com.ar\/sitio\/wp-json\/wp\/v2\/comments?post=36864"}],"version-history":[{"count":1,"href":"https:\/\/eldiariodesanpedro.com.ar\/sitio\/wp-json\/wp\/v2\/posts\/36864\/revisions"}],"predecessor-version":[{"id":36867,"href":"https:\/\/eldiariodesanpedro.com.ar\/sitio\/wp-json\/wp\/v2\/posts\/36864\/revisions\/36867"}],"wp:featuredmedia":[{"embeddable":true,"href":"https:\/\/eldiariodesanpedro.com.ar\/sitio\/wp-json\/wp\/v2\/media\/36866"}],"wp:attachment":[{"href":"https:\/\/eldiariodesanpedro.com.ar\/sitio\/wp-json\/wp\/v2\/media?parent=36864"}],"wp:term":[{"taxonomy":"category","embeddable":true,"href":"https:\/\/eldiariodesanpedro.com.ar\/sitio\/wp-json\/wp\/v2\/categories?post=36864"},{"taxonomy":"post_tag","embeddable":true,"href":"https:\/\/eldiariodesanpedro.com.ar\/sitio\/wp-json\/wp\/v2\/tags?post=36864"}],"curies":[{"name":"wp","href":"https:\/\/api.w.org\/{rel}","templated":true}]}}