{"id":36854,"date":"2018-07-20T20:51:34","date_gmt":"2018-07-20T23:51:34","guid":{"rendered":"https:\/\/eldiariodesanpedro.com.ar\/sitio\/?p=36854"},"modified":"2026-01-23T23:51:31","modified_gmt":"2026-01-24T02:51:31","slug":"futbol-local-fin-de-semana-con-finales-en-todas-las-divisiones","status":"publish","type":"post","link":"https:\/\/eldiariodesanpedro.com.ar\/sitio\/futbol-local-fin-de-semana-con-finales-en-todas-las-divisiones\/","title":{"rendered":"F\u00daTBOL LOCAL: Fin de semana con finales en todas las divisiones"},"content":{"rendered":"<p><!-- VideographyWP Plugin Message: Automatic video embedding prevented by plugin options. --><br \/>\n  Entre hoy y ma\u00f1ana (siempre y cuando el clima lo permita, sobre todo de acuerdo a c\u00f3mo hayan quedado los campos de juego) se jugar\u00e1n los partidos finales del Torneo Apertura de la Liga Sampedrina en todas sus divisiones.<br \/>\n  Es esperada la revancha de primera divisi\u00f3n entre Mitre y Las Palmeras, el partido de se llevar\u00e1 a cabo en el estadio Municipal desde las 15 horas y encaso de igualdad (en el partido de ida fue 2-2) se ejecutar\u00e1n tiros desde el punto del penal. Lo mismo ocurrir\u00e1 en las dem\u00e1s divisiones si al cabo de los noventa minutos igualen en puntos y goles. Todos los cotejos son estos:<\/p>\n<p><strong>S\u00e1bado 21<\/strong><br \/>\n16.00 horas &#8211; Independencia vs. Paran\u00e1 (5ta).<br \/>\n14.00 horas &#8211; Paran\u00e1 vs. La Esperanza (4ta).<\/p>\n<p><strong>Domingo 22<\/strong><br \/>\n12.30 horas &#8211; Mitre vs Agricultores (3ra).<br \/>\n15.00 horas &#8211; Def. Unidos vs. La Esperanza (sub-21)<br \/>\n15.00 horas &#8211; Mitre vs. Las Palmeras<\/p>\n","protected":false},"excerpt":{"rendered":"<p>Entre hoy y ma\u00f1ana (siempre y cuando el clima lo permita, sobre todo de acuerdo a c\u00f3mo hayan quedado los campos de juego) se jugar\u00e1n los partidos finales del Torneo Apertura de la Liga Sampedrina en todas sus divisiones. Es esperada la revancha de primera divisi\u00f3n entre Mitre y Las Palmeras, el partido de se [&hellip;]<\/p>\n","protected":false},"author":4,"featured_media":35528,"comment_status":"open","ping_status":"closed","sticky":false,"template":"","format":"standard","meta":{"om_disable_all_campaigns":false,"_jetpack_memberships_contains_paid_content":false,"footnotes":""},"categories":[5],"tags":[],"class_list":["post-36854","post","type-post","status-publish","format-standard","has-post-thumbnail","hentry","category-deportes"],"aioseo_notices":[],"gutentor_comment":0,"jetpack_featured_media_url":"https:\/\/eldiariodesanpedro.com.ar\/sitio\/wp-content\/uploads\/2018\/06\/futbol-5.jpg","jetpack_shortlink":"https:\/\/wp.me\/p6RhLt-9Aq","jetpack_sharing_enabled":true,"_links":{"self":[{"href":"https:\/\/eldiariodesanpedro.com.ar\/sitio\/wp-json\/wp\/v2\/posts\/36854","targetHints":{"allow":["GET"]}}],"collection":[{"href":"https:\/\/eldiariodesanpedro.com.ar\/sitio\/wp-json\/wp\/v2\/posts"}],"about":[{"href":"https:\/\/eldiariodesanpedro.com.ar\/sitio\/wp-json\/wp\/v2\/types\/post"}],"author":[{"embeddable":true,"href":"https:\/\/eldiariodesanpedro.com.ar\/sitio\/wp-json\/wp\/v2\/users\/4"}],"replies":[{"embeddable":true,"href":"https:\/\/eldiariodesanpedro.com.ar\/sitio\/wp-json\/wp\/v2\/comments?post=36854"}],"version-history":[{"count":2,"href":"https:\/\/eldiariodesanpedro.com.ar\/sitio\/wp-json\/wp\/v2\/posts\/36854\/revisions"}],"predecessor-version":[{"id":36859,"href":"https:\/\/eldiariodesanpedro.com.ar\/sitio\/wp-json\/wp\/v2\/posts\/36854\/revisions\/36859"}],"wp:featuredmedia":[{"embeddable":true,"href":"https:\/\/eldiariodesanpedro.com.ar\/sitio\/wp-json\/wp\/v2\/media\/35528"}],"wp:attachment":[{"href":"https:\/\/eldiariodesanpedro.com.ar\/sitio\/wp-json\/wp\/v2\/media?parent=36854"}],"wp:term":[{"taxonomy":"category","embeddable":true,"href":"https:\/\/eldiariodesanpedro.com.ar\/sitio\/wp-json\/wp\/v2\/categories?post=36854"},{"taxonomy":"post_tag","embeddable":true,"href":"https:\/\/eldiariodesanpedro.com.ar\/sitio\/wp-json\/wp\/v2\/tags?post=36854"}],"curies":[{"name":"wp","href":"https:\/\/api.w.org\/{rel}","templated":true}]}}