{"id":36848,"date":"2018-07-20T20:49:21","date_gmt":"2018-07-20T23:49:21","guid":{"rendered":"https:\/\/eldiariodesanpedro.com.ar\/sitio\/?p=36848"},"modified":"2018-07-20T20:49:21","modified_gmt":"2018-07-20T23:49:21","slug":"san-nicolas-hubo-un-panuelazo-en-urquiza-y-mitre","status":"publish","type":"post","link":"https:\/\/eldiariodesanpedro.com.ar\/sitio\/san-nicolas-hubo-un-panuelazo-en-urquiza-y-mitre\/","title":{"rendered":"SAN NICOL\u00c1S: Hubo un \u201cPa\u00f1uelazo\u201d en Urquiza y Mitre"},"content":{"rendered":"<p><!-- VideographyWP Plugin Message: Automatic video embedding prevented by plugin options. --><br \/>\nComo parte de la Campa\u00f1a Nacional por el Derecho al Aborto Legal, Seguro y Gratuito, se realiz\u00f3 esta tarde un \u201cPa\u00f1uelazo\u201d que tuvo escasa concurrencia. Mientras tanto, en el Senado nacional se debate el dictamen del proyecto de ley.<\/p>\n<p>  Se realiz\u00f3 hoy por la tarde en nuestra ciudad una concentraci\u00f3n como parte de la Campa\u00f1a Nacional por el Derecho al Aborto Legal, Seguro y Gratuito en el que participaron sectores de la izquierda.<\/p>\n<p>  Se concret\u00f3 en la esquina de las calles Mitre y Urquiza, aunque no fue un encuentro masivo en una tarde clim\u00e1ticamente desafortunada para este tipo de eventos.<\/p>\n<p>  El mi\u00e9rcoles pasado en el Senado nacional, donde se debate el dictamen sobre el tema, se llev\u00f3 adelante la cuarta audiencia p\u00fablica sobre la legalizaci\u00f3n del aborto, con la presencia de m\u00e9dicos y especialistas. Con reproches de sectores a favor de la iniciativa a la Iglesia y cuestionamientos legales al proyecto desde quienes se oponen, expusieron el director del Hospital Materno infantil Ram\u00f3n Sard\u00e1, Eduardo Valenti; el experto en Derechos del Ni\u00f1o, Carlos Romano y la ex diputada Mar\u00eda Luisa Storani, entre otros invitados. Las comisiones de Salud, de Justicia y Asuntos Penales y de Asuntos Constitucionales analizaron el proyecto que tiene media sanci\u00f3n de Diputados con la fecha del 1 de agosto como l\u00edmite para firmar o no el dictamen que luego llegar\u00e1 al recinto.<\/p>\n<p>  En caso de firmarse el dictamen de comisi\u00f3n, se espera que el pliego se vote en el recinto el 8 de agosto. El proyecto de aborto legal fue aprobado en la C\u00e1mara baja con 129 votos a favor, 125 en contra y una abstenci\u00f3n.<br \/>\n  La iniciativa legaliza la interrupci\u00f3n voluntaria del embarazo hasta la semana 14 de gestaci\u00f3n, bajo el solo requerimiento de la mujer. Tambi\u00e9n dispone que la pr\u00e1ctica sea gratuita y de prestaci\u00f3n obligatoria en todos los centros de salud p\u00fablicos y privados del pa\u00eds. Por otro lado, habilita a partir de la semana 15 el aborto en casos de violaci\u00f3n, imposibilidad de la vida extrauterina o riesgo de salud para la mujer.<\/p>\n","protected":false},"excerpt":{"rendered":"<p>Como parte de la Campa\u00f1a Nacional por el Derecho al Aborto Legal, Seguro y Gratuito, se realiz\u00f3 esta tarde un \u201cPa\u00f1uelazo\u201d que tuvo escasa concurrencia. Mientras tanto, en el Senado nacional se debate el dictamen del proyecto de ley. Se realiz\u00f3 hoy por la tarde en nuestra ciudad una concentraci\u00f3n como parte de la Campa\u00f1a [&hellip;]<\/p>\n","protected":false},"author":4,"featured_media":36851,"comment_status":"open","ping_status":"closed","sticky":false,"template":"","format":"standard","meta":{"om_disable_all_campaigns":false,"_jetpack_memberships_contains_paid_content":false,"footnotes":""},"categories":[621],"tags":[],"class_list":["post-36848","post","type-post","status-publish","format-standard","has-post-thumbnail","hentry","category-regionales"],"aioseo_notices":[],"gutentor_comment":0,"jetpack_featured_media_url":"https:\/\/eldiariodesanpedro.com.ar\/sitio\/wp-content\/uploads\/2018\/07\/Pa\u00f1uelazo-san-nicolas.jpg","jetpack_shortlink":"https:\/\/wp.me\/p6RhLt-9Ak","jetpack_sharing_enabled":true,"_links":{"self":[{"href":"https:\/\/eldiariodesanpedro.com.ar\/sitio\/wp-json\/wp\/v2\/posts\/36848","targetHints":{"allow":["GET"]}}],"collection":[{"href":"https:\/\/eldiariodesanpedro.com.ar\/sitio\/wp-json\/wp\/v2\/posts"}],"about":[{"href":"https:\/\/eldiariodesanpedro.com.ar\/sitio\/wp-json\/wp\/v2\/types\/post"}],"author":[{"embeddable":true,"href":"https:\/\/eldiariodesanpedro.com.ar\/sitio\/wp-json\/wp\/v2\/users\/4"}],"replies":[{"embeddable":true,"href":"https:\/\/eldiariodesanpedro.com.ar\/sitio\/wp-json\/wp\/v2\/comments?post=36848"}],"version-history":[{"count":1,"href":"https:\/\/eldiariodesanpedro.com.ar\/sitio\/wp-json\/wp\/v2\/posts\/36848\/revisions"}],"predecessor-version":[{"id":36853,"href":"https:\/\/eldiariodesanpedro.com.ar\/sitio\/wp-json\/wp\/v2\/posts\/36848\/revisions\/36853"}],"wp:featuredmedia":[{"embeddable":true,"href":"https:\/\/eldiariodesanpedro.com.ar\/sitio\/wp-json\/wp\/v2\/media\/36851"}],"wp:attachment":[{"href":"https:\/\/eldiariodesanpedro.com.ar\/sitio\/wp-json\/wp\/v2\/media?parent=36848"}],"wp:term":[{"taxonomy":"category","embeddable":true,"href":"https:\/\/eldiariodesanpedro.com.ar\/sitio\/wp-json\/wp\/v2\/categories?post=36848"},{"taxonomy":"post_tag","embeddable":true,"href":"https:\/\/eldiariodesanpedro.com.ar\/sitio\/wp-json\/wp\/v2\/tags?post=36848"}],"curies":[{"name":"wp","href":"https:\/\/api.w.org\/{rel}","templated":true}]}}