{"id":36845,"date":"2018-07-20T20:46:49","date_gmt":"2018-07-20T23:46:49","guid":{"rendered":"https:\/\/eldiariodesanpedro.com.ar\/sitio\/?p=36845"},"modified":"2018-07-20T20:46:49","modified_gmt":"2018-07-20T23:46:49","slug":"adhesion-a-los-111-anos-de-san-pedro-ciudad","status":"publish","type":"post","link":"https:\/\/eldiariodesanpedro.com.ar\/sitio\/adhesion-a-los-111-anos-de-san-pedro-ciudad\/","title":{"rendered":"Adhesi\u00f3n a los 111 a\u00f1os de San Pedro Ciudad"},"content":{"rendered":"<p><!-- VideographyWP Plugin Message: Automatic video embedding prevented by plugin options. --><br \/>\n  El Centro de Comercio Industria y Turismo invita a todos los comerciantes y empresas de San Pedro a adherir a la celebraci\u00f3n de los 111 a\u00f1os de la Declaraci\u00f3n de San Pedro Ciudad.   <\/p>\n<p>  Para hacerlo, desde la Municipalidad se ha lanzado una convocatoria para proponer libremente actividades, promociones o una decoraci\u00f3n alusiva durante los d\u00edas previos y posteriores.<\/p>\n<p>  Se recuerda adem\u00e1s que el 25 de Julio ser\u00e1 feriado para la administraci\u00f3n p\u00fablica local y optativo para la actividad privada.<\/p>\n","protected":false},"excerpt":{"rendered":"<p>El Centro de Comercio Industria y Turismo invita a todos los comerciantes y empresas de San Pedro a adherir a la celebraci\u00f3n de los 111 a\u00f1os de la Declaraci\u00f3n de San Pedro Ciudad. Para hacerlo, desde la Municipalidad se ha lanzado una convocatoria para proponer libremente actividades, promociones o una decoraci\u00f3n alusiva durante los d\u00edas [&hellip;]<\/p>\n","protected":false},"author":4,"featured_media":3126,"comment_status":"open","ping_status":"closed","sticky":false,"template":"","format":"standard","meta":{"om_disable_all_campaigns":false,"_jetpack_memberships_contains_paid_content":false,"footnotes":""},"categories":[101,2],"tags":[],"class_list":["post-36845","post","type-post","status-publish","format-standard","has-post-thumbnail","hentry","category-interes-general-locales","category-locales"],"aioseo_notices":[],"gutentor_comment":0,"jetpack_featured_media_url":"https:\/\/eldiariodesanpedro.com.ar\/sitio\/wp-content\/uploads\/2016\/04\/Centro-de-Comercio-e-industria.jpg","jetpack_shortlink":"https:\/\/wp.me\/p6RhLt-9Ah","jetpack_sharing_enabled":true,"_links":{"self":[{"href":"https:\/\/eldiariodesanpedro.com.ar\/sitio\/wp-json\/wp\/v2\/posts\/36845","targetHints":{"allow":["GET"]}}],"collection":[{"href":"https:\/\/eldiariodesanpedro.com.ar\/sitio\/wp-json\/wp\/v2\/posts"}],"about":[{"href":"https:\/\/eldiariodesanpedro.com.ar\/sitio\/wp-json\/wp\/v2\/types\/post"}],"author":[{"embeddable":true,"href":"https:\/\/eldiariodesanpedro.com.ar\/sitio\/wp-json\/wp\/v2\/users\/4"}],"replies":[{"embeddable":true,"href":"https:\/\/eldiariodesanpedro.com.ar\/sitio\/wp-json\/wp\/v2\/comments?post=36845"}],"version-history":[{"count":2,"href":"https:\/\/eldiariodesanpedro.com.ar\/sitio\/wp-json\/wp\/v2\/posts\/36845\/revisions"}],"predecessor-version":[{"id":36850,"href":"https:\/\/eldiariodesanpedro.com.ar\/sitio\/wp-json\/wp\/v2\/posts\/36845\/revisions\/36850"}],"wp:featuredmedia":[{"embeddable":true,"href":"https:\/\/eldiariodesanpedro.com.ar\/sitio\/wp-json\/wp\/v2\/media\/3126"}],"wp:attachment":[{"href":"https:\/\/eldiariodesanpedro.com.ar\/sitio\/wp-json\/wp\/v2\/media?parent=36845"}],"wp:term":[{"taxonomy":"category","embeddable":true,"href":"https:\/\/eldiariodesanpedro.com.ar\/sitio\/wp-json\/wp\/v2\/categories?post=36845"},{"taxonomy":"post_tag","embeddable":true,"href":"https:\/\/eldiariodesanpedro.com.ar\/sitio\/wp-json\/wp\/v2\/tags?post=36845"}],"curies":[{"name":"wp","href":"https:\/\/api.w.org\/{rel}","templated":true}]}}