{"id":36844,"date":"2018-07-20T20:44:59","date_gmt":"2018-07-20T23:44:59","guid":{"rendered":"https:\/\/eldiariodesanpedro.com.ar\/sitio\/?p=36844"},"modified":"2018-07-20T20:44:59","modified_gmt":"2018-07-20T23:44:59","slug":"trasladaron-a-ramallo-a-la-motochorra-que-asalto-un-comercio-en-el-centro","status":"publish","type":"post","link":"https:\/\/eldiariodesanpedro.com.ar\/sitio\/trasladaron-a-ramallo-a-la-motochorra-que-asalto-un-comercio-en-el-centro\/","title":{"rendered":"Trasladaron a Ramallo a la motochorra que asalt\u00f3 un comercio en el centro"},"content":{"rendered":"<p><!-- VideographyWP Plugin Message: Automatic video embedding prevented by plugin options. --><br \/>\nLa mujer de 18 a\u00f1os fue aprehendida el mi\u00e9rcoles despu\u00e9s de robar junto a un joven que huy\u00f3. Fue alojada en la Comisar\u00eda de Ramallo.<\/p>\n<p>  Dos motochorros asaltaron un kiosco ubicado en Quiroga y Belgrano, se llevaron dinero y chocolates. Cuando pretend\u00edan darse a la fuga un vecino se interpuso en el camino y los hizo caer de la moto. El c\u00f3mplice de la mujer huy\u00f3 a pie mientras que, la asaltante qued\u00f3 en el lugar y fue aprehendida por la polic\u00eda que arrib\u00f3 r\u00e1pidamente al comercio.<\/p>\n<p>  La joven ladrona, de 18 a\u00f1os reci\u00e9n cumplidos, qued\u00f3 aprehendida y en las \u00faltimas horas fue trasladada a la Comisar\u00eda Primera de Ramallo donde qued\u00f3 alojada a disposici\u00f3n de la Justicia.<\/p>\n<p>  La causa fue caratulada como Robo Calificado en grado de Tentativa, pero el propio Fiscal Manso adelant\u00f3 que ser\u00e1 recaratulada como Robo Calificado al comprobarse que el hecho se consum\u00f3.<\/p>\n<p>  Se pudo establecer que los motochorros se llevaron del comercio mil pesos en efectivo y ocho chocolates, adem\u00e1s se comprob\u00f3 que la moto en la que se movilizaban y que fue secuestrada por la polic\u00eda no ten\u00eda ning\u00fan impedimento legal para circular por la v\u00eda p\u00fablica.<\/p>\n","protected":false},"excerpt":{"rendered":"<p>La mujer de 18 a\u00f1os fue aprehendida el mi\u00e9rcoles despu\u00e9s de robar junto a un joven que huy\u00f3. Fue alojada en la Comisar\u00eda de Ramallo. Dos motochorros asaltaron un kiosco ubicado en Quiroga y Belgrano, se llevaron dinero y chocolates. Cuando pretend\u00edan darse a la fuga un vecino se interpuso en el camino y los [&hellip;]<\/p>\n","protected":false},"author":4,"featured_media":36846,"comment_status":"open","ping_status":"closed","sticky":false,"template":"","format":"standard","meta":{"om_disable_all_campaigns":false,"_jetpack_memberships_contains_paid_content":false,"footnotes":""},"categories":[2,103],"tags":[],"class_list":["post-36844","post","type-post","status-publish","format-standard","has-post-thumbnail","hentry","category-locales","category-policiales-locales"],"aioseo_notices":[],"gutentor_comment":0,"jetpack_featured_media_url":"https:\/\/eldiariodesanpedro.com.ar\/sitio\/wp-content\/uploads\/2018\/07\/El-momento-de-la-detenci\u00f3n-de-la-mujer.jpg","jetpack_shortlink":"https:\/\/wp.me\/p6RhLt-9Ag","jetpack_sharing_enabled":true,"_links":{"self":[{"href":"https:\/\/eldiariodesanpedro.com.ar\/sitio\/wp-json\/wp\/v2\/posts\/36844","targetHints":{"allow":["GET"]}}],"collection":[{"href":"https:\/\/eldiariodesanpedro.com.ar\/sitio\/wp-json\/wp\/v2\/posts"}],"about":[{"href":"https:\/\/eldiariodesanpedro.com.ar\/sitio\/wp-json\/wp\/v2\/types\/post"}],"author":[{"embeddable":true,"href":"https:\/\/eldiariodesanpedro.com.ar\/sitio\/wp-json\/wp\/v2\/users\/4"}],"replies":[{"embeddable":true,"href":"https:\/\/eldiariodesanpedro.com.ar\/sitio\/wp-json\/wp\/v2\/comments?post=36844"}],"version-history":[{"count":1,"href":"https:\/\/eldiariodesanpedro.com.ar\/sitio\/wp-json\/wp\/v2\/posts\/36844\/revisions"}],"predecessor-version":[{"id":36847,"href":"https:\/\/eldiariodesanpedro.com.ar\/sitio\/wp-json\/wp\/v2\/posts\/36844\/revisions\/36847"}],"wp:featuredmedia":[{"embeddable":true,"href":"https:\/\/eldiariodesanpedro.com.ar\/sitio\/wp-json\/wp\/v2\/media\/36846"}],"wp:attachment":[{"href":"https:\/\/eldiariodesanpedro.com.ar\/sitio\/wp-json\/wp\/v2\/media?parent=36844"}],"wp:term":[{"taxonomy":"category","embeddable":true,"href":"https:\/\/eldiariodesanpedro.com.ar\/sitio\/wp-json\/wp\/v2\/categories?post=36844"},{"taxonomy":"post_tag","embeddable":true,"href":"https:\/\/eldiariodesanpedro.com.ar\/sitio\/wp-json\/wp\/v2\/tags?post=36844"}],"curies":[{"name":"wp","href":"https:\/\/api.w.org\/{rel}","templated":true}]}}