{"id":36839,"date":"2018-07-20T20:39:54","date_gmt":"2018-07-20T23:39:54","guid":{"rendered":"https:\/\/eldiariodesanpedro.com.ar\/sitio\/?p=36839"},"modified":"2018-07-20T20:39:54","modified_gmt":"2018-07-20T23:39:54","slug":"cumbre-definitoria-para-desactivar-la-llegada-de-uber-a-la-provincia","status":"publish","type":"post","link":"https:\/\/eldiariodesanpedro.com.ar\/sitio\/cumbre-definitoria-para-desactivar-la-llegada-de-uber-a-la-provincia\/","title":{"rendered":"Cumbre definitoria para desactivar la llegada de Uber a la Provincia"},"content":{"rendered":"<p><!-- VideographyWP Plugin Message: Automatic video embedding prevented by plugin options. --><br \/>\nSe reunieron el intendente de La Plata, el presidente del bloque de Diputados de Cambiemos y el Secretario General de la Federaci\u00f3n Nacional de Conductores de Taxis, para acordar que no avanzar\u00e1 en la Legislatura la Ley que permite el desembarco de Uber en la Provincia, a la vez que se pidi\u00f3 a los taxistas que levanten la marcha propuesta para el primero de agosto.<\/p>\n<p>  Este mediod\u00eda, en La Plata, el intendente Julio Garro, el presidente del bloque de Diputados de Cambiemos, Maximiliano Abad, y el Secretario General de la Federaci\u00f3n Nacional de Conductores de Taxis, Jos\u00e9 Ibarra, mantuvieron una reuni\u00f3n para fumar la pipa de la paz tras un conflicto suscitado por un proyecto de ley presentado por un legislador oficialista.<\/p>\n<p>La iniciativa del diputado lilito Guillermo Castello de permitir mediante una ley el funcionamiento de Uber en la provincia de Buenos Aires gener\u00f3 de inmediato la reacci\u00f3n de los taxistas. En ese sentido, los propietarios y conductores de coches de alquiler preparaban un paro y movilizaci\u00f3n a la Legislatura bonaerense para el primer d\u00eda de agosto.<\/p>\n<p>  En l\u00ednea con la voluntad del Ejecutivo, y con el objetivo de calmar las aguas, Garro y Abad se reunieron con Ibarra para asegurarle que el proyecto no prosperar\u00eda, a la vez que solicitaron a los gremios el levantamiento de la medida de fuerza. De la reuni\u00f3n tambi\u00e9n participaron el diputado oficialista Guillermo Bard\u00f3n y el secretario General del Sindicato de Conductores de Taxis de La Plata, Juan Carlos Ber\u00f3n, junto a otros representantes de la actividad taximetrera.<\/p>\n<p>  La presentaci\u00f3n de la iniciativa para habilitar Uber creo un clima tenso en el bloque oficialista, puesto que tambi\u00e9n desde esa bancada, el a\u00f1o pasado, el legislador Mart\u00edn Dom\u00ednguez Yelpo hab\u00eda presentado un proyecto de Declaraci\u00f3n en el que manifestaba su \u00abprofunda preocupaci\u00f3n por el arribo al pa\u00eds y su posible instalaci\u00f3n en el territorio de la Provincia de Buenos Aires, del sistema denominado Uber, en tanto el mismo act\u00faa en el sector del transporte al margen de las normas laborales, impositivas y de seguridad que rigen para el conjunto de los prestadores autorizados por los Organismos regulatorios y de control pertinentes, atentando de esta manera contra los derechos de los trabajadores de la actividad y poniendo en riesgo la seguridad de los usuarios y terceros no transportados\u00bb. El proyecto fue aprobado por mayor\u00eda en aquel momento.<\/p>\n","protected":false},"excerpt":{"rendered":"<p>Se reunieron el intendente de La Plata, el presidente del bloque de Diputados de Cambiemos y el Secretario General de la Federaci\u00f3n Nacional de Conductores de Taxis, para acordar que no avanzar\u00e1 en la Legislatura la Ley que permite el desembarco de Uber en la Provincia, a la vez que se pidi\u00f3 a los taxistas [&hellip;]<\/p>\n","protected":false},"author":4,"featured_media":36841,"comment_status":"open","ping_status":"closed","sticky":false,"template":"","format":"standard","meta":{"om_disable_all_campaigns":false,"_jetpack_memberships_contains_paid_content":false,"footnotes":""},"categories":[621],"tags":[],"class_list":["post-36839","post","type-post","status-publish","format-standard","has-post-thumbnail","hentry","category-regionales"],"aioseo_notices":[],"gutentor_comment":0,"jetpack_featured_media_url":"https:\/\/eldiariodesanpedro.com.ar\/sitio\/wp-content\/uploads\/2018\/07\/uber.jpg","jetpack_shortlink":"https:\/\/wp.me\/p6RhLt-9Ab","jetpack_sharing_enabled":true,"_links":{"self":[{"href":"https:\/\/eldiariodesanpedro.com.ar\/sitio\/wp-json\/wp\/v2\/posts\/36839","targetHints":{"allow":["GET"]}}],"collection":[{"href":"https:\/\/eldiariodesanpedro.com.ar\/sitio\/wp-json\/wp\/v2\/posts"}],"about":[{"href":"https:\/\/eldiariodesanpedro.com.ar\/sitio\/wp-json\/wp\/v2\/types\/post"}],"author":[{"embeddable":true,"href":"https:\/\/eldiariodesanpedro.com.ar\/sitio\/wp-json\/wp\/v2\/users\/4"}],"replies":[{"embeddable":true,"href":"https:\/\/eldiariodesanpedro.com.ar\/sitio\/wp-json\/wp\/v2\/comments?post=36839"}],"version-history":[{"count":1,"href":"https:\/\/eldiariodesanpedro.com.ar\/sitio\/wp-json\/wp\/v2\/posts\/36839\/revisions"}],"predecessor-version":[{"id":36843,"href":"https:\/\/eldiariodesanpedro.com.ar\/sitio\/wp-json\/wp\/v2\/posts\/36839\/revisions\/36843"}],"wp:featuredmedia":[{"embeddable":true,"href":"https:\/\/eldiariodesanpedro.com.ar\/sitio\/wp-json\/wp\/v2\/media\/36841"}],"wp:attachment":[{"href":"https:\/\/eldiariodesanpedro.com.ar\/sitio\/wp-json\/wp\/v2\/media?parent=36839"}],"wp:term":[{"taxonomy":"category","embeddable":true,"href":"https:\/\/eldiariodesanpedro.com.ar\/sitio\/wp-json\/wp\/v2\/categories?post=36839"},{"taxonomy":"post_tag","embeddable":true,"href":"https:\/\/eldiariodesanpedro.com.ar\/sitio\/wp-json\/wp\/v2\/tags?post=36839"}],"curies":[{"name":"wp","href":"https:\/\/api.w.org\/{rel}","templated":true}]}}