{"id":36838,"date":"2018-07-20T20:39:39","date_gmt":"2018-07-20T23:39:39","guid":{"rendered":"https:\/\/eldiariodesanpedro.com.ar\/sitio\/?p=36838"},"modified":"2018-07-20T20:39:39","modified_gmt":"2018-07-20T23:39:39","slug":"santa-lucia-y-rio-tala-se-determinaron-nuevos-pasos-con-la-empresa-bagsa-para-el-avance-en-las-conexiones-de-gas","status":"publish","type":"post","link":"https:\/\/eldiariodesanpedro.com.ar\/sitio\/santa-lucia-y-rio-tala-se-determinaron-nuevos-pasos-con-la-empresa-bagsa-para-el-avance-en-las-conexiones-de-gas\/","title":{"rendered":"SANTA LUC\u00cdA Y R\u00cdO TALA: Se determinaron nuevos pasos con la empresa BAGSA para el avance en las conexiones de gas"},"content":{"rendered":"<p><!-- VideographyWP Plugin Message: Automatic video embedding prevented by plugin options. --><br \/>\n  El Subsecretario de Desarrollo Econ\u00f3mico, junto a los delegados de Santa Luc\u00eda y R\u00edo Tala viajaron en el d\u00eda de ayer a la Ciudad de La Plata para establecer los pasos a seguir con autoridades y t\u00e9cnicos de la empresa BAGSA, a fin de comenzar con las instalaciones de gas en los hogares de estas localidades. <\/p>\n<p>  La empresa se comprometi\u00f3 a equipar y capacitar a cada cooperativa para concretar el objetivo deseado.<\/p>\n","protected":false},"excerpt":{"rendered":"<p>El Subsecretario de Desarrollo Econ\u00f3mico, junto a los delegados de Santa Luc\u00eda y R\u00edo Tala viajaron en el d\u00eda de ayer a la Ciudad de La Plata para establecer los pasos a seguir con autoridades y t\u00e9cnicos de la empresa BAGSA, a fin de comenzar con las instalaciones de gas en los hogares de estas [&hellip;]<\/p>\n","protected":false},"author":4,"featured_media":36840,"comment_status":"open","ping_status":"closed","sticky":false,"template":"","format":"standard","meta":{"om_disable_all_campaigns":false,"_jetpack_memberships_contains_paid_content":false,"footnotes":""},"categories":[101,2],"tags":[],"class_list":["post-36838","post","type-post","status-publish","format-standard","has-post-thumbnail","hentry","category-interes-general-locales","category-locales"],"aioseo_notices":[],"gutentor_comment":0,"jetpack_featured_media_url":"https:\/\/eldiariodesanpedro.com.ar\/sitio\/wp-content\/uploads\/2018\/07\/Se-determinaron-nuevos-pasos-con-la-empresa-BAGSA-para-el-avance-en-las-conexiones-de-gas.jpg","jetpack_shortlink":"https:\/\/wp.me\/p6RhLt-9Aa","jetpack_sharing_enabled":true,"_links":{"self":[{"href":"https:\/\/eldiariodesanpedro.com.ar\/sitio\/wp-json\/wp\/v2\/posts\/36838","targetHints":{"allow":["GET"]}}],"collection":[{"href":"https:\/\/eldiariodesanpedro.com.ar\/sitio\/wp-json\/wp\/v2\/posts"}],"about":[{"href":"https:\/\/eldiariodesanpedro.com.ar\/sitio\/wp-json\/wp\/v2\/types\/post"}],"author":[{"embeddable":true,"href":"https:\/\/eldiariodesanpedro.com.ar\/sitio\/wp-json\/wp\/v2\/users\/4"}],"replies":[{"embeddable":true,"href":"https:\/\/eldiariodesanpedro.com.ar\/sitio\/wp-json\/wp\/v2\/comments?post=36838"}],"version-history":[{"count":1,"href":"https:\/\/eldiariodesanpedro.com.ar\/sitio\/wp-json\/wp\/v2\/posts\/36838\/revisions"}],"predecessor-version":[{"id":36842,"href":"https:\/\/eldiariodesanpedro.com.ar\/sitio\/wp-json\/wp\/v2\/posts\/36838\/revisions\/36842"}],"wp:featuredmedia":[{"embeddable":true,"href":"https:\/\/eldiariodesanpedro.com.ar\/sitio\/wp-json\/wp\/v2\/media\/36840"}],"wp:attachment":[{"href":"https:\/\/eldiariodesanpedro.com.ar\/sitio\/wp-json\/wp\/v2\/media?parent=36838"}],"wp:term":[{"taxonomy":"category","embeddable":true,"href":"https:\/\/eldiariodesanpedro.com.ar\/sitio\/wp-json\/wp\/v2\/categories?post=36838"},{"taxonomy":"post_tag","embeddable":true,"href":"https:\/\/eldiariodesanpedro.com.ar\/sitio\/wp-json\/wp\/v2\/tags?post=36838"}],"curies":[{"name":"wp","href":"https:\/\/api.w.org\/{rel}","templated":true}]}}