{"id":36833,"date":"2018-07-20T15:24:53","date_gmt":"2018-07-20T18:24:53","guid":{"rendered":"https:\/\/eldiariodesanpedro.com.ar\/sitio\/?p=36833"},"modified":"2018-07-20T15:24:53","modified_gmt":"2018-07-20T18:24:53","slug":"san-pedro-sera-sede-del-6-curso-de-acreditacion-para-la-implementacion-del-documento-unico-equino-due-2018","status":"publish","type":"post","link":"https:\/\/eldiariodesanpedro.com.ar\/sitio\/san-pedro-sera-sede-del-6-curso-de-acreditacion-para-la-implementacion-del-documento-unico-equino-due-2018\/","title":{"rendered":"San Pedro ser\u00e1 sede del 6\u00b0 Curso de Acreditaci\u00f3n para la Implementaci\u00f3n del Documento \u00danico Equino (DUE 2018)"},"content":{"rendered":"<p><!-- VideographyWP Plugin Message: Automatic video embedding prevented by plugin options. --><br \/>\nLa capacitaci\u00f3n se divide en un m\u00f3dulo virtual y otro presencial. Al modo virtual que se extender\u00e1 del 13 al 19 de agosto que podr\u00e1n acceder en el link que se ubica al pie de esta nota, todos los profesionales y personas relacionadas al tema e interesadas en la propuesta.<\/p>\n<p>El m\u00f3dulo presencial ser\u00e1 en la Municipalidad de San Pedro, Jueves 23 y Viernes 24 de Agosto con una agenda con diferentes mesas y la entrega de certificados al final.<\/p>\n<p>El DUE, Documento Unico Equino, es el sistema de identificaci\u00f3n electr\u00f3nica que reemplazar\u00e1 al sistema previsto por la ley 10.891 y el establecido en el C\u00f3digo Rural y ser\u00e1 obligatorio. La capacitaci\u00f3n de San Pedro como otras que se vienen ofreciendo apunta fundamentalmente a los m\u00e9dicos veterinarios para su implementaci\u00f3n que consiste en la colocaci\u00f3n de un chip en los animales para su identificaci\u00f3n, control y seguimiento.<\/p>\n<p>La implementaci\u00f3n del DUE y las capacitaciones son coordinadas desde el Ministerio de Agroindustria de la Provincia de Buenos Aires en convenio con la Facultad de Veterinaria de la Universidad Nacional del Centro.<\/p>\n<p><img decoding=\"async\" data-attachment-id=\"36835\" data-permalink=\"https:\/\/eldiariodesanpedro.com.ar\/sitio\/san-pedro-sera-sede-del-6-curso-de-acreditacion-para-la-implementacion-del-documento-unico-equino-due-2018\/unnamed-57\/\" data-orig-file=\"https:\/\/eldiariodesanpedro.com.ar\/sitio\/wp-content\/uploads\/2018\/07\/unnamed-4.jpg\" data-orig-size=\"521,753\" data-comments-opened=\"1\" data-image-meta=\"{&quot;aperture&quot;:&quot;0&quot;,&quot;credit&quot;:&quot;&quot;,&quot;camera&quot;:&quot;&quot;,&quot;caption&quot;:&quot;&quot;,&quot;created_timestamp&quot;:&quot;0&quot;,&quot;copyright&quot;:&quot;&quot;,&quot;focal_length&quot;:&quot;0&quot;,&quot;iso&quot;:&quot;0&quot;,&quot;shutter_speed&quot;:&quot;0&quot;,&quot;title&quot;:&quot;&quot;,&quot;orientation&quot;:&quot;0&quot;}\" data-image-title=\"unnamed\" data-image-description=\"\" data-image-caption=\"\" data-large-file=\"https:\/\/eldiariodesanpedro.com.ar\/sitio\/wp-content\/uploads\/2018\/07\/unnamed-4.jpg\" class=\"size-full wp-image-36835 aligncenter lazyload\" data-src=\"https:\/\/eldiariodesanpedro.com.ar\/sitio\/wp-content\/uploads\/2018\/07\/unnamed-4.jpg\" alt=\"\" width=\"521\" height=\"753\" data-srcset=\"https:\/\/eldiariodesanpedro.com.ar\/sitio\/wp-content\/uploads\/2018\/07\/unnamed-4.jpg 521w, https:\/\/eldiariodesanpedro.com.ar\/sitio\/wp-content\/uploads\/2018\/07\/unnamed-4-208x300.jpg 208w\" data-sizes=\"(max-width: 521px) 100vw, 521px\" src=\"data:image\/svg+xml;base64,PHN2ZyB3aWR0aD0iMSIgaGVpZ2h0PSIxIiB4bWxucz0iaHR0cDovL3d3dy53My5vcmcvMjAwMC9zdmciPjwvc3ZnPg==\" style=\"--smush-placeholder-width: 521px; --smush-placeholder-aspect-ratio: 521\/753;\" \/><\/p>\n","protected":false},"excerpt":{"rendered":"<p>La capacitaci\u00f3n se divide en un m\u00f3dulo virtual y otro presencial. Al modo virtual que se extender\u00e1 del 13 al 19 de agosto que podr\u00e1n acceder en el link que se ubica al pie de esta nota, todos los profesionales y personas relacionadas al tema e interesadas en la propuesta. El m\u00f3dulo presencial ser\u00e1 en [&hellip;]<\/p>\n","protected":false},"author":4,"featured_media":36834,"comment_status":"open","ping_status":"closed","sticky":false,"template":"","format":"standard","meta":{"om_disable_all_campaigns":false,"_jetpack_memberships_contains_paid_content":false,"footnotes":""},"categories":[101,2],"tags":[],"class_list":["post-36833","post","type-post","status-publish","format-standard","has-post-thumbnail","hentry","category-interes-general-locales","category-locales"],"aioseo_notices":[],"gutentor_comment":0,"jetpack_featured_media_url":"https:\/\/eldiariodesanpedro.com.ar\/sitio\/wp-content\/uploads\/2018\/07\/unnamed-copia.jpg","jetpack_shortlink":"https:\/\/wp.me\/p6RhLt-9A5","jetpack_sharing_enabled":true,"_links":{"self":[{"href":"https:\/\/eldiariodesanpedro.com.ar\/sitio\/wp-json\/wp\/v2\/posts\/36833","targetHints":{"allow":["GET"]}}],"collection":[{"href":"https:\/\/eldiariodesanpedro.com.ar\/sitio\/wp-json\/wp\/v2\/posts"}],"about":[{"href":"https:\/\/eldiariodesanpedro.com.ar\/sitio\/wp-json\/wp\/v2\/types\/post"}],"author":[{"embeddable":true,"href":"https:\/\/eldiariodesanpedro.com.ar\/sitio\/wp-json\/wp\/v2\/users\/4"}],"replies":[{"embeddable":true,"href":"https:\/\/eldiariodesanpedro.com.ar\/sitio\/wp-json\/wp\/v2\/comments?post=36833"}],"version-history":[{"count":1,"href":"https:\/\/eldiariodesanpedro.com.ar\/sitio\/wp-json\/wp\/v2\/posts\/36833\/revisions"}],"predecessor-version":[{"id":36836,"href":"https:\/\/eldiariodesanpedro.com.ar\/sitio\/wp-json\/wp\/v2\/posts\/36833\/revisions\/36836"}],"wp:featuredmedia":[{"embeddable":true,"href":"https:\/\/eldiariodesanpedro.com.ar\/sitio\/wp-json\/wp\/v2\/media\/36834"}],"wp:attachment":[{"href":"https:\/\/eldiariodesanpedro.com.ar\/sitio\/wp-json\/wp\/v2\/media?parent=36833"}],"wp:term":[{"taxonomy":"category","embeddable":true,"href":"https:\/\/eldiariodesanpedro.com.ar\/sitio\/wp-json\/wp\/v2\/categories?post=36833"},{"taxonomy":"post_tag","embeddable":true,"href":"https:\/\/eldiariodesanpedro.com.ar\/sitio\/wp-json\/wp\/v2\/tags?post=36833"}],"curies":[{"name":"wp","href":"https:\/\/api.w.org\/{rel}","templated":true}]}}