{"id":36820,"date":"2018-07-20T10:34:18","date_gmt":"2018-07-20T13:34:18","guid":{"rendered":"https:\/\/eldiariodesanpedro.com.ar\/sitio\/?p=36820"},"modified":"2018-07-20T10:34:18","modified_gmt":"2018-07-20T13:34:18","slug":"malvivientes-provocaron-danos-a-un-auto-estacionado-sobre-la-calle","status":"publish","type":"post","link":"https:\/\/eldiariodesanpedro.com.ar\/sitio\/malvivientes-provocaron-danos-a-un-auto-estacionado-sobre-la-calle\/","title":{"rendered":"Malvivientes provocaron da\u00f1os a un auto estacionado sobre la calle"},"content":{"rendered":"<p><!-- VideographyWP Plugin Message: Automatic video embedding prevented by plugin options. --><br \/>\nUna ciudadana de 41 a\u00f1os, denuncio en la Dependencia local, que dejo su autom\u00f3vil Peugeot 405 estacionado sobre la calle Almafuerte, en la puerta de su domicilio y que al egresar constata que malvivientes le rompieron luneta del veh\u00edculo con intenci\u00f3n de solamente  hacer da\u00f1o.<\/p>\n<p>Investiga el hecho Fiscal\u00eda de turno.<\/p>\n","protected":false},"excerpt":{"rendered":"<p>Una ciudadana de 41 a\u00f1os, denuncio en la Dependencia local, que dejo su autom\u00f3vil Peugeot 405 estacionado sobre la calle Almafuerte, en la puerta de su domicilio y que al egresar constata que malvivientes le rompieron luneta del veh\u00edculo con intenci\u00f3n de solamente hacer da\u00f1o. Investiga el hecho Fiscal\u00eda de turno.<\/p>\n","protected":false},"author":4,"featured_media":26677,"comment_status":"open","ping_status":"closed","sticky":false,"template":"","format":"standard","meta":{"om_disable_all_campaigns":false,"_jetpack_memberships_contains_paid_content":false,"footnotes":""},"categories":[2,103],"tags":[],"class_list":["post-36820","post","type-post","status-publish","format-standard","has-post-thumbnail","hentry","category-locales","category-policiales-locales"],"aioseo_notices":[],"gutentor_comment":0,"jetpack_featured_media_url":"https:\/\/eldiariodesanpedro.com.ar\/sitio\/wp-content\/uploads\/2017\/12\/patrullas-policia-noche.jpg","jetpack_shortlink":"https:\/\/wp.me\/p6RhLt-9zS","jetpack_sharing_enabled":true,"_links":{"self":[{"href":"https:\/\/eldiariodesanpedro.com.ar\/sitio\/wp-json\/wp\/v2\/posts\/36820","targetHints":{"allow":["GET"]}}],"collection":[{"href":"https:\/\/eldiariodesanpedro.com.ar\/sitio\/wp-json\/wp\/v2\/posts"}],"about":[{"href":"https:\/\/eldiariodesanpedro.com.ar\/sitio\/wp-json\/wp\/v2\/types\/post"}],"author":[{"embeddable":true,"href":"https:\/\/eldiariodesanpedro.com.ar\/sitio\/wp-json\/wp\/v2\/users\/4"}],"replies":[{"embeddable":true,"href":"https:\/\/eldiariodesanpedro.com.ar\/sitio\/wp-json\/wp\/v2\/comments?post=36820"}],"version-history":[{"count":1,"href":"https:\/\/eldiariodesanpedro.com.ar\/sitio\/wp-json\/wp\/v2\/posts\/36820\/revisions"}],"predecessor-version":[{"id":36821,"href":"https:\/\/eldiariodesanpedro.com.ar\/sitio\/wp-json\/wp\/v2\/posts\/36820\/revisions\/36821"}],"wp:featuredmedia":[{"embeddable":true,"href":"https:\/\/eldiariodesanpedro.com.ar\/sitio\/wp-json\/wp\/v2\/media\/26677"}],"wp:attachment":[{"href":"https:\/\/eldiariodesanpedro.com.ar\/sitio\/wp-json\/wp\/v2\/media?parent=36820"}],"wp:term":[{"taxonomy":"category","embeddable":true,"href":"https:\/\/eldiariodesanpedro.com.ar\/sitio\/wp-json\/wp\/v2\/categories?post=36820"},{"taxonomy":"post_tag","embeddable":true,"href":"https:\/\/eldiariodesanpedro.com.ar\/sitio\/wp-json\/wp\/v2\/tags?post=36820"}],"curies":[{"name":"wp","href":"https:\/\/api.w.org\/{rel}","templated":true}]}}