{"id":36816,"date":"2018-07-20T09:59:04","date_gmt":"2018-07-20T12:59:04","guid":{"rendered":"https:\/\/eldiariodesanpedro.com.ar\/sitio\/?p=36816"},"modified":"2018-07-20T09:59:04","modified_gmt":"2018-07-20T12:59:04","slug":"un-ciudadano-retuvo-en-su-casa-a-tres-menores-que-intentaban-robar-limones","status":"publish","type":"post","link":"https:\/\/eldiariodesanpedro.com.ar\/sitio\/un-ciudadano-retuvo-en-su-casa-a-tres-menores-que-intentaban-robar-limones\/","title":{"rendered":"Un ciudadano retuvo en su casa a tres menores que intentaban robar limones"},"content":{"rendered":"<p><!-- VideographyWP Plugin Message: Automatic video embedding prevented by plugin options. --><br \/>\nA las 18:00 hs del d\u00eda jueves, efectivos policiales que estaban de recorrida fueron alertados por vecinos que un ciudadano de 65 a\u00f1os ten\u00eda retenido a tres menores en su casa porque hab\u00edan querido robarle.<\/p>\n<p>Personal acude al domicilio de calle D\u00e1vila y Mateo Sbert donde el propietario manifestaba que los tres menores de 10, 11 y 15 a\u00f1os de edad le sustrajeron limones de sus plantaciones.<\/p>\n<p>Los dos ni\u00f1os fueron trasladados a la Dependencia Local junto al adolescente de 15 y tras conocimiento a la Fiscal\u00eda Juvenil de San Nicol\u00e1s se les dispuso la notificaci\u00f3n de la formaci\u00f3n de causa por el delito de tentativa de hurto y entrega a sus progenitores.<\/p>\n","protected":false},"excerpt":{"rendered":"<p>A las 18:00 hs del d\u00eda jueves, efectivos policiales que estaban de recorrida fueron alertados por vecinos que un ciudadano de 65 a\u00f1os ten\u00eda retenido a tres menores en su casa porque hab\u00edan querido robarle. Personal acude al domicilio de calle D\u00e1vila y Mateo Sbert donde el propietario manifestaba que los tres menores de 10, [&hellip;]<\/p>\n","protected":false},"author":4,"featured_media":13372,"comment_status":"open","ping_status":"closed","sticky":false,"template":"","format":"standard","meta":{"om_disable_all_campaigns":false,"_jetpack_memberships_contains_paid_content":false,"footnotes":""},"categories":[2,103],"tags":[],"class_list":["post-36816","post","type-post","status-publish","format-standard","has-post-thumbnail","hentry","category-locales","category-policiales-locales"],"aioseo_notices":[],"gutentor_comment":0,"jetpack_featured_media_url":"https:\/\/eldiariodesanpedro.com.ar\/sitio\/wp-content\/uploads\/2017\/01\/Patrulla-4-e1485286120389.jpg","jetpack_shortlink":"https:\/\/wp.me\/p6RhLt-9zO","jetpack_sharing_enabled":true,"_links":{"self":[{"href":"https:\/\/eldiariodesanpedro.com.ar\/sitio\/wp-json\/wp\/v2\/posts\/36816","targetHints":{"allow":["GET"]}}],"collection":[{"href":"https:\/\/eldiariodesanpedro.com.ar\/sitio\/wp-json\/wp\/v2\/posts"}],"about":[{"href":"https:\/\/eldiariodesanpedro.com.ar\/sitio\/wp-json\/wp\/v2\/types\/post"}],"author":[{"embeddable":true,"href":"https:\/\/eldiariodesanpedro.com.ar\/sitio\/wp-json\/wp\/v2\/users\/4"}],"replies":[{"embeddable":true,"href":"https:\/\/eldiariodesanpedro.com.ar\/sitio\/wp-json\/wp\/v2\/comments?post=36816"}],"version-history":[{"count":1,"href":"https:\/\/eldiariodesanpedro.com.ar\/sitio\/wp-json\/wp\/v2\/posts\/36816\/revisions"}],"predecessor-version":[{"id":36817,"href":"https:\/\/eldiariodesanpedro.com.ar\/sitio\/wp-json\/wp\/v2\/posts\/36816\/revisions\/36817"}],"wp:featuredmedia":[{"embeddable":true,"href":"https:\/\/eldiariodesanpedro.com.ar\/sitio\/wp-json\/wp\/v2\/media\/13372"}],"wp:attachment":[{"href":"https:\/\/eldiariodesanpedro.com.ar\/sitio\/wp-json\/wp\/v2\/media?parent=36816"}],"wp:term":[{"taxonomy":"category","embeddable":true,"href":"https:\/\/eldiariodesanpedro.com.ar\/sitio\/wp-json\/wp\/v2\/categories?post=36816"},{"taxonomy":"post_tag","embeddable":true,"href":"https:\/\/eldiariodesanpedro.com.ar\/sitio\/wp-json\/wp\/v2\/tags?post=36816"}],"curies":[{"name":"wp","href":"https:\/\/api.w.org\/{rel}","templated":true}]}}