{"id":36813,"date":"2018-07-20T09:47:42","date_gmt":"2018-07-20T12:47:42","guid":{"rendered":"https:\/\/eldiariodesanpedro.com.ar\/sitio\/?p=36813"},"modified":"2018-07-20T09:47:42","modified_gmt":"2018-07-20T12:47:42","slug":"se-recupero-moto-robada-en-allanamiento","status":"publish","type":"post","link":"https:\/\/eldiariodesanpedro.com.ar\/sitio\/se-recupero-moto-robada-en-allanamiento\/","title":{"rendered":"Se recuper\u00f3 moto robada en allanamiento"},"content":{"rendered":"<p><!-- VideographyWP Plugin Message: Automatic video embedding prevented by plugin options. --><br \/>\nPersonal Policial en la tarde del jueves procedi\u00f3 al allanamiento ordenado por la justicia ordinaria arrojando resultado positivo y el secuestro de una motocicleta marca Yamaha KTZ de color roja y blanca.<\/p>\n<p>La diligencia se realiz\u00f3 en un domicilio sobre calle Brenan donde reside un joven de 20 a\u00f1os que se encontraba en el lugar pero a pesar de dar con el elemento buscado no fue aprehendido.<\/p>\n<p>La motocicleta fue sustra\u00edda d\u00edas atr\u00e1s en la localidad de Rio Tala; se prosigue con la investigaci\u00f3n con la Fiscal\u00eda de turno en San Pedro por el abuso de arma.<\/p>\n","protected":false},"excerpt":{"rendered":"<p>Personal Policial en la tarde del jueves procedi\u00f3 al allanamiento ordenado por la justicia ordinaria arrojando resultado positivo y el secuestro de una motocicleta marca Yamaha KTZ de color roja y blanca. La diligencia se realiz\u00f3 en un domicilio sobre calle Brenan donde reside un joven de 20 a\u00f1os que se encontraba en el lugar [&hellip;]<\/p>\n","protected":false},"author":4,"featured_media":36814,"comment_status":"open","ping_status":"closed","sticky":false,"template":"","format":"standard","meta":{"om_disable_all_campaigns":false,"_jetpack_memberships_contains_paid_content":false,"footnotes":""},"categories":[50,2,103],"tags":[],"class_list":["post-36813","post","type-post","status-publish","format-standard","has-post-thumbnail","hentry","category-destacadas","category-locales","category-policiales-locales"],"aioseo_notices":[],"gutentor_comment":0,"jetpack_featured_media_url":"https:\/\/eldiariodesanpedro.com.ar\/sitio\/wp-content\/uploads\/2018\/07\/WhatsApp-Image-2018-07-20-at-09.36.09.jpeg","jetpack_shortlink":"https:\/\/wp.me\/p6RhLt-9zL","jetpack_sharing_enabled":true,"_links":{"self":[{"href":"https:\/\/eldiariodesanpedro.com.ar\/sitio\/wp-json\/wp\/v2\/posts\/36813","targetHints":{"allow":["GET"]}}],"collection":[{"href":"https:\/\/eldiariodesanpedro.com.ar\/sitio\/wp-json\/wp\/v2\/posts"}],"about":[{"href":"https:\/\/eldiariodesanpedro.com.ar\/sitio\/wp-json\/wp\/v2\/types\/post"}],"author":[{"embeddable":true,"href":"https:\/\/eldiariodesanpedro.com.ar\/sitio\/wp-json\/wp\/v2\/users\/4"}],"replies":[{"embeddable":true,"href":"https:\/\/eldiariodesanpedro.com.ar\/sitio\/wp-json\/wp\/v2\/comments?post=36813"}],"version-history":[{"count":1,"href":"https:\/\/eldiariodesanpedro.com.ar\/sitio\/wp-json\/wp\/v2\/posts\/36813\/revisions"}],"predecessor-version":[{"id":36815,"href":"https:\/\/eldiariodesanpedro.com.ar\/sitio\/wp-json\/wp\/v2\/posts\/36813\/revisions\/36815"}],"wp:featuredmedia":[{"embeddable":true,"href":"https:\/\/eldiariodesanpedro.com.ar\/sitio\/wp-json\/wp\/v2\/media\/36814"}],"wp:attachment":[{"href":"https:\/\/eldiariodesanpedro.com.ar\/sitio\/wp-json\/wp\/v2\/media?parent=36813"}],"wp:term":[{"taxonomy":"category","embeddable":true,"href":"https:\/\/eldiariodesanpedro.com.ar\/sitio\/wp-json\/wp\/v2\/categories?post=36813"},{"taxonomy":"post_tag","embeddable":true,"href":"https:\/\/eldiariodesanpedro.com.ar\/sitio\/wp-json\/wp\/v2\/tags?post=36813"}],"curies":[{"name":"wp","href":"https:\/\/api.w.org\/{rel}","templated":true}]}}