{"id":36809,"date":"2018-07-20T09:34:23","date_gmt":"2018-07-20T12:34:23","guid":{"rendered":"https:\/\/eldiariodesanpedro.com.ar\/sitio\/?p=36809"},"modified":"2018-07-20T09:34:23","modified_gmt":"2018-07-20T12:34:23","slug":"campana-ediles-piden-por-inversiones-en-el-tendido-de-energia-electrica","status":"publish","type":"post","link":"https:\/\/eldiariodesanpedro.com.ar\/sitio\/campana-ediles-piden-por-inversiones-en-el-tendido-de-energia-electrica\/","title":{"rendered":"CAMPANA: Ediles piden por inversiones en el tendido de energ\u00eda el\u00e9ctrica"},"content":{"rendered":"<p><!-- VideographyWP Plugin Message: Automatic video embedding prevented by plugin options. --><br \/>\nLos concejales Axel Cantlon, Rosa Funes y Carlos Gomez de UV M\u00e1s Campana, solicitaron inversiones en San Cayetano y barrio 21 de septiembre, las inversiones necesarias para el tendido de cableado subterr\u00e1neo en la Av. Rocca y rechazaron el plan de inversiones anunciado por la empresa EDEN.<\/p>\n<p>\u201cDesde el a\u00f1o 2011 la empresa EDEN viene anunciando inversiones que todav\u00eda no se han cumplido y existen diferentes barrios de nuestra ciudad que todav\u00eda no cuentan con el tendido el\u00e9ctrico correspondiente frente a su hogar, a pesar de tener varios a\u00f1os residiendo en esos domicilios\u201d, dijeron los ediles.<\/p>\n<p>\u201cEDEN cobr\u00f3 todos los aumentos tarifarios en \u00e9stos \u00faltimos a\u00f1os, pero dicho aumento no se vio reflejado en las inversiones que son necesarias para mejorar el suministro tanto en la reducci\u00f3n de los frecuentes cortes como en la tensi\u00f3n el\u00e9ctrica que debe entregar; y tampoco en la extensi\u00f3n del tendido el\u00e9ctrico en las zonas donde a\u00fan est\u00e1 pendiente la prestaci\u00f3n del servicio\u201d, afirmaron.<\/p>\n<p>\u201cHace poco se anunciaron las obras que la empresa iba a realizar como inversiones, luego de un corte de ruta que se produjo en el barrio San Cayetano. Entre las anunciadas aparecen l\u00edneas que ya fueron realizadas en per\u00edodos anteriores o se iniciaron con financiamiento de per\u00edodos previos al aumento de tarifas o corresponden a obras de ampliaci\u00f3n que pagaron clientes particulares\u201c, denunciaron.<\/p>\n<p>\u201cPor lo tanto surge claramente que no hay obras cuyo financiamiento tenga relaci\u00f3n directa con el aumento de tarifas de este \u00faltimo tiempo que benefici\u00f3 directamente a EDEN, en consecuencia exigimos  que construya el tendido el\u00e9ctrico en todas las cuadras pobladas del zona del Barrio San Luciano y Barrio 21 de septiembre, cumplir con la inversi\u00f3n de la avenida Rocca pendiente para el tendido de cables subterr\u00e1neo en dicha avenida comercial\u201d, remarcaron.<\/p>\n<p>\u201cTambi\u00e9n solicitamos a EDEN que especifique en detalle al municipio las obras que prev\u00e9n ejecutar y los sectores que se ver\u00e1n beneficiados de las mismas, al mismo tiempo que rechazamos los anuncios de inversiones para 2018\/2019 publicadas en los medios period\u00edsticos por no tratarse de inversiones pendientes o por tratarse de inversiones realizadas con dinero de otros per\u00edodos\u201d, concluyeron.<\/p>\n<p>Fuente: Enlace Critico<\/p>\n","protected":false},"excerpt":{"rendered":"<p>Los concejales Axel Cantlon, Rosa Funes y Carlos Gomez de UV M\u00e1s Campana, solicitaron inversiones en San Cayetano y barrio 21 de septiembre, las inversiones necesarias para el tendido de cableado subterr\u00e1neo en la Av. Rocca y rechazaron el plan de inversiones anunciado por la empresa EDEN. \u201cDesde el a\u00f1o 2011 la empresa EDEN viene [&hellip;]<\/p>\n","protected":false},"author":4,"featured_media":36810,"comment_status":"open","ping_status":"closed","sticky":false,"template":"","format":"standard","meta":{"om_disable_all_campaigns":false,"_jetpack_memberships_contains_paid_content":false,"footnotes":""},"categories":[621],"tags":[],"class_list":["post-36809","post","type-post","status-publish","format-standard","has-post-thumbnail","hentry","category-regionales"],"aioseo_notices":[],"gutentor_comment":0,"jetpack_featured_media_url":"https:\/\/eldiariodesanpedro.com.ar\/sitio\/wp-content\/uploads\/2018\/07\/Concejales_658x400-1.jpg","jetpack_shortlink":"https:\/\/wp.me\/p6RhLt-9zH","jetpack_sharing_enabled":true,"_links":{"self":[{"href":"https:\/\/eldiariodesanpedro.com.ar\/sitio\/wp-json\/wp\/v2\/posts\/36809","targetHints":{"allow":["GET"]}}],"collection":[{"href":"https:\/\/eldiariodesanpedro.com.ar\/sitio\/wp-json\/wp\/v2\/posts"}],"about":[{"href":"https:\/\/eldiariodesanpedro.com.ar\/sitio\/wp-json\/wp\/v2\/types\/post"}],"author":[{"embeddable":true,"href":"https:\/\/eldiariodesanpedro.com.ar\/sitio\/wp-json\/wp\/v2\/users\/4"}],"replies":[{"embeddable":true,"href":"https:\/\/eldiariodesanpedro.com.ar\/sitio\/wp-json\/wp\/v2\/comments?post=36809"}],"version-history":[{"count":1,"href":"https:\/\/eldiariodesanpedro.com.ar\/sitio\/wp-json\/wp\/v2\/posts\/36809\/revisions"}],"predecessor-version":[{"id":36811,"href":"https:\/\/eldiariodesanpedro.com.ar\/sitio\/wp-json\/wp\/v2\/posts\/36809\/revisions\/36811"}],"wp:featuredmedia":[{"embeddable":true,"href":"https:\/\/eldiariodesanpedro.com.ar\/sitio\/wp-json\/wp\/v2\/media\/36810"}],"wp:attachment":[{"href":"https:\/\/eldiariodesanpedro.com.ar\/sitio\/wp-json\/wp\/v2\/media?parent=36809"}],"wp:term":[{"taxonomy":"category","embeddable":true,"href":"https:\/\/eldiariodesanpedro.com.ar\/sitio\/wp-json\/wp\/v2\/categories?post=36809"},{"taxonomy":"post_tag","embeddable":true,"href":"https:\/\/eldiariodesanpedro.com.ar\/sitio\/wp-json\/wp\/v2\/tags?post=36809"}],"curies":[{"name":"wp","href":"https:\/\/api.w.org\/{rel}","templated":true}]}}