{"id":36806,"date":"2018-07-20T09:28:44","date_gmt":"2018-07-20T12:28:44","guid":{"rendered":"https:\/\/eldiariodesanpedro.com.ar\/sitio\/?p=36806"},"modified":"2018-07-20T09:40:27","modified_gmt":"2018-07-20T12:40:27","slug":"zarate-una-mujer-y-una-nina-de-9-anos-fallecieron-tras-un-vuelco-en-la-ruta-nacional-12","status":"publish","type":"post","link":"https:\/\/eldiariodesanpedro.com.ar\/sitio\/zarate-una-mujer-y-una-nina-de-9-anos-fallecieron-tras-un-vuelco-en-la-ruta-nacional-12\/","title":{"rendered":"ZARATE: Una mujer y una ni\u00f1a de 9 a\u00f1os fallecieron tras un vuelco en la Ruta Nacional 12"},"content":{"rendered":"<p><!-- VideographyWP Plugin Message: Automatic video embedding prevented by plugin options. --><br \/>\nUna mujer de 44 a\u00f1os y una ni\u00f1a de 9 fallecieron este jueves tras volcar el auto en el que se trasladaban por la Ruta 12. El siniestro vial ocurri\u00f3 en el kil\u00f3metro 124, cerca del puesto caminero de Z\u00e1rate.<\/p>\n<p>Un grave accidente se produjo poco despu\u00e9s del mediod\u00eda de este jueves en el kil\u00f3metro 124 de la Ruta Nacional 12, cerca del puesto caminero de Z\u00e1rate, aunque en territorio entrerriano. Seg\u00fan indicaron los Bomberos Voluntarios de Ceibas, el conductor de un Chevrolet Classic perdi\u00f3 el control del veh\u00edculo, choc\u00f3 el guardaraill y dio varios tumbos en la banquina.<\/p>\n<p>En primera instancia, los cuatro ocupantes del auto fueron socorridos y derivados al Hospital de Z\u00e1rate. Los heridos presentaban lesiones graves. Sin embargo, esta tarde, se pudo conocer que dos de las cuatro personas hospitalizadas fallecieron. Se trata de una mujer de unos 44 a\u00f1os y una ni\u00f1a de 9; mientras que un hombre y un joven son asistidos por personal m\u00e9dico.<\/p>\n<p>Todos los ocupantes del auto Chevrolet Corsa son oriundos de Merlo, provincia de Buenos Aires y seg\u00fan se revel\u00f3, el auto se desplazaba desde Entre R\u00edos hacia Buenos Aires.<\/p>\n<p>En el lugar del accidente, trabaj\u00f3 la polic\u00eda caminera de Brazo Largo, polic\u00eda de Ceibas, auxilio del peaje, unidad de Rescate de Bomberos Voluntarios de Ceibas y cuatro ambulancias: dos del servicio Semzar, una de emergencia privada de Concordia que pasaba por el lugar y una de los Bomberos Voluntarios de Ceibas.<\/p>\n<p>Fuente: Enlace Critico<\/p>\n","protected":false},"excerpt":{"rendered":"<p>Una mujer de 44 a\u00f1os y una ni\u00f1a de 9 fallecieron este jueves tras volcar el auto en el que se trasladaban por la Ruta 12. El siniestro vial ocurri\u00f3 en el kil\u00f3metro 124, cerca del puesto caminero de Z\u00e1rate. Un grave accidente se produjo poco despu\u00e9s del mediod\u00eda de este jueves en el kil\u00f3metro [&hellip;]<\/p>\n","protected":false},"author":4,"featured_media":36807,"comment_status":"open","ping_status":"closed","sticky":false,"template":"","format":"standard","meta":{"om_disable_all_campaigns":false,"_jetpack_memberships_contains_paid_content":false,"footnotes":""},"categories":[621],"tags":[],"class_list":["post-36806","post","type-post","status-publish","format-standard","has-post-thumbnail","hentry","category-regionales"],"aioseo_notices":[],"gutentor_comment":0,"jetpack_featured_media_url":"https:\/\/eldiariodesanpedro.com.ar\/sitio\/wp-content\/uploads\/2018\/07\/Accidente-2-1.jpg","jetpack_shortlink":"https:\/\/wp.me\/p6RhLt-9zE","jetpack_sharing_enabled":true,"_links":{"self":[{"href":"https:\/\/eldiariodesanpedro.com.ar\/sitio\/wp-json\/wp\/v2\/posts\/36806","targetHints":{"allow":["GET"]}}],"collection":[{"href":"https:\/\/eldiariodesanpedro.com.ar\/sitio\/wp-json\/wp\/v2\/posts"}],"about":[{"href":"https:\/\/eldiariodesanpedro.com.ar\/sitio\/wp-json\/wp\/v2\/types\/post"}],"author":[{"embeddable":true,"href":"https:\/\/eldiariodesanpedro.com.ar\/sitio\/wp-json\/wp\/v2\/users\/4"}],"replies":[{"embeddable":true,"href":"https:\/\/eldiariodesanpedro.com.ar\/sitio\/wp-json\/wp\/v2\/comments?post=36806"}],"version-history":[{"count":2,"href":"https:\/\/eldiariodesanpedro.com.ar\/sitio\/wp-json\/wp\/v2\/posts\/36806\/revisions"}],"predecessor-version":[{"id":36812,"href":"https:\/\/eldiariodesanpedro.com.ar\/sitio\/wp-json\/wp\/v2\/posts\/36806\/revisions\/36812"}],"wp:featuredmedia":[{"embeddable":true,"href":"https:\/\/eldiariodesanpedro.com.ar\/sitio\/wp-json\/wp\/v2\/media\/36807"}],"wp:attachment":[{"href":"https:\/\/eldiariodesanpedro.com.ar\/sitio\/wp-json\/wp\/v2\/media?parent=36806"}],"wp:term":[{"taxonomy":"category","embeddable":true,"href":"https:\/\/eldiariodesanpedro.com.ar\/sitio\/wp-json\/wp\/v2\/categories?post=36806"},{"taxonomy":"post_tag","embeddable":true,"href":"https:\/\/eldiariodesanpedro.com.ar\/sitio\/wp-json\/wp\/v2\/tags?post=36806"}],"curies":[{"name":"wp","href":"https:\/\/api.w.org\/{rel}","templated":true}]}}