{"id":36805,"date":"2018-07-20T12:55:58","date_gmt":"2018-07-20T15:55:58","guid":{"rendered":"https:\/\/eldiariodesanpedro.com.ar\/sitio\/?p=36805"},"modified":"2018-07-20T12:57:11","modified_gmt":"2018-07-20T15:57:11","slug":"baradero-extorsionaba-a-una-mujer-y-pedia-dinero-a-cambio-de-no-publicar-una-foto-intima","status":"publish","type":"post","link":"https:\/\/eldiariodesanpedro.com.ar\/sitio\/baradero-extorsionaba-a-una-mujer-y-pedia-dinero-a-cambio-de-no-publicar-una-foto-intima\/","title":{"rendered":"BARADERO Extorsionaba a una mujer y ped\u00eda dinero a cambio de no publicar una foto \u00edntima"},"content":{"rendered":"<p><!-- VideographyWP Plugin Message: Automatic video embedding prevented by plugin options. --><br \/>\nEl autor del hecho fue detenido. La v\u00edctima estaba sufriendo acoso desde hace dos semanas cuando comenzaron a intimidarla mediante mensajes de facebook y whatsapp. Le exig\u00edan un pago cercano a los $40.000. Ten\u00edan en su poder una foto intima de la v\u00edctima. Los delincuentes usaban perfiles truchos. Fueron detenidos en un procedimiento de pel\u00edcula. LOS DETALLES<\/p>\n<p>En dialogo con Tu Radio el subcomisario Facundo Fiorabanti brind\u00f3 detalles del procedimiento que se llev\u00f3 a cabo en la tarde de ayer.<\/p>\n<p>Los delincuentes pactaron la entrega del dinero en la maceta de una vivienda de Rodr\u00edguez al 800.<\/p>\n<p>Hasta all\u00ed lleg\u00f3 la victima mientras era vigilada por el personal Policial. Al momento de dejar el bot\u00edn la Polic\u00eda intercepta a ambos delincuentes. Uno de ellos fue detenido, el otro se dio a la fuga.<\/p>\n<p><img decoding=\"async\" data-attachment-id=\"36828\" data-permalink=\"https:\/\/eldiariodesanpedro.com.ar\/sitio\/baradero-extorsionaba-a-una-mujer-y-pedia-dinero-a-cambio-de-no-publicar-una-foto-intima\/whatsapp-image-2018-07-20-at-11-40-26-am\/\" data-orig-file=\"https:\/\/eldiariodesanpedro.com.ar\/sitio\/wp-content\/uploads\/2018\/07\/WhatsApp-Image-2018-07-20-at-11.40.26-AM.jpeg\" data-orig-size=\"380,600\" data-comments-opened=\"1\" data-image-meta=\"{&quot;aperture&quot;:&quot;0&quot;,&quot;credit&quot;:&quot;&quot;,&quot;camera&quot;:&quot;&quot;,&quot;caption&quot;:&quot;&quot;,&quot;created_timestamp&quot;:&quot;0&quot;,&quot;copyright&quot;:&quot;&quot;,&quot;focal_length&quot;:&quot;0&quot;,&quot;iso&quot;:&quot;0&quot;,&quot;shutter_speed&quot;:&quot;0&quot;,&quot;title&quot;:&quot;&quot;,&quot;orientation&quot;:&quot;0&quot;}\" data-image-title=\"WhatsApp-Image-2018-07-20-at-11.40.26-AM\" data-image-description=\"\" data-image-caption=\"\" data-large-file=\"https:\/\/eldiariodesanpedro.com.ar\/sitio\/wp-content\/uploads\/2018\/07\/WhatsApp-Image-2018-07-20-at-11.40.26-AM.jpeg\" class=\"alignnone size-full wp-image-36828 lazyload\" data-src=\"https:\/\/eldiariodesanpedro.com.ar\/sitio\/wp-content\/uploads\/2018\/07\/WhatsApp-Image-2018-07-20-at-11.40.26-AM.jpeg\" alt=\"\" width=\"380\" height=\"600\" data-srcset=\"https:\/\/eldiariodesanpedro.com.ar\/sitio\/wp-content\/uploads\/2018\/07\/WhatsApp-Image-2018-07-20-at-11.40.26-AM.jpeg 380w, https:\/\/eldiariodesanpedro.com.ar\/sitio\/wp-content\/uploads\/2018\/07\/WhatsApp-Image-2018-07-20-at-11.40.26-AM-190x300.jpeg 190w\" data-sizes=\"(max-width: 380px) 100vw, 380px\" src=\"data:image\/svg+xml;base64,PHN2ZyB3aWR0aD0iMSIgaGVpZ2h0PSIxIiB4bWxucz0iaHR0cDovL3d3dy53My5vcmcvMjAwMC9zdmciPjwvc3ZnPg==\" style=\"--smush-placeholder-width: 380px; --smush-placeholder-aspect-ratio: 380\/600;\" \/><\/p>\n<p>\u201cUno de los efectivos de la DDI sufri\u00f3 una lesi\u00f3n en la nariz en el forcejeo\u201d, dijo el subcomisario.<\/p>\n<p>Tras ser trasladado a la dependencia policial se orden\u00f3 un allanamiento en la vivienda donde resid\u00eda el sujeto sobre calle Malvinas Argentinas.<\/p>\n<p>En el procedimiento se secuestro un tel\u00e9fono celular, una notebook y el envoltorio de un chip. Se cree el que utilizaban para la extorsi\u00f3n.<\/p>\n<p>Cabe mencionar que el pr\u00f3fugo est\u00e1 siendo buscado.<\/p>\n<p>La causa est\u00e1 caratulada como \u201cextorsi\u00f3n y resistencia a la autoridad\u201d.<\/p>\n<p>Fuente: Tu Linea Directa<\/p>\n","protected":false},"excerpt":{"rendered":"<p>El autor del hecho fue detenido. La v\u00edctima estaba sufriendo acoso desde hace dos semanas cuando comenzaron a intimidarla mediante mensajes de facebook y whatsapp. Le exig\u00edan un pago cercano a los $40.000. Ten\u00edan en su poder una foto intima de la v\u00edctima. Los delincuentes usaban perfiles truchos. Fueron detenidos en un procedimiento de pel\u00edcula. [&hellip;]<\/p>\n","protected":false},"author":4,"featured_media":36829,"comment_status":"open","ping_status":"closed","sticky":false,"template":"","format":"standard","meta":{"om_disable_all_campaigns":false,"_jetpack_memberships_contains_paid_content":false,"footnotes":""},"categories":[621],"tags":[],"class_list":["post-36805","post","type-post","status-publish","format-standard","has-post-thumbnail","hentry","category-regionales"],"aioseo_notices":[],"gutentor_comment":0,"jetpack_featured_media_url":"https:\/\/eldiariodesanpedro.com.ar\/sitio\/wp-content\/uploads\/2018\/07\/WhatsApp-Image-2018-07-20-at-11.40.26-AM-1.jpeg","jetpack_shortlink":"https:\/\/wp.me\/p6RhLt-9zD","jetpack_sharing_enabled":true,"_links":{"self":[{"href":"https:\/\/eldiariodesanpedro.com.ar\/sitio\/wp-json\/wp\/v2\/posts\/36805","targetHints":{"allow":["GET"]}}],"collection":[{"href":"https:\/\/eldiariodesanpedro.com.ar\/sitio\/wp-json\/wp\/v2\/posts"}],"about":[{"href":"https:\/\/eldiariodesanpedro.com.ar\/sitio\/wp-json\/wp\/v2\/types\/post"}],"author":[{"embeddable":true,"href":"https:\/\/eldiariodesanpedro.com.ar\/sitio\/wp-json\/wp\/v2\/users\/4"}],"replies":[{"embeddable":true,"href":"https:\/\/eldiariodesanpedro.com.ar\/sitio\/wp-json\/wp\/v2\/comments?post=36805"}],"version-history":[{"count":4,"href":"https:\/\/eldiariodesanpedro.com.ar\/sitio\/wp-json\/wp\/v2\/posts\/36805\/revisions"}],"predecessor-version":[{"id":36832,"href":"https:\/\/eldiariodesanpedro.com.ar\/sitio\/wp-json\/wp\/v2\/posts\/36805\/revisions\/36832"}],"wp:featuredmedia":[{"embeddable":true,"href":"https:\/\/eldiariodesanpedro.com.ar\/sitio\/wp-json\/wp\/v2\/media\/36829"}],"wp:attachment":[{"href":"https:\/\/eldiariodesanpedro.com.ar\/sitio\/wp-json\/wp\/v2\/media?parent=36805"}],"wp:term":[{"taxonomy":"category","embeddable":true,"href":"https:\/\/eldiariodesanpedro.com.ar\/sitio\/wp-json\/wp\/v2\/categories?post=36805"},{"taxonomy":"post_tag","embeddable":true,"href":"https:\/\/eldiariodesanpedro.com.ar\/sitio\/wp-json\/wp\/v2\/tags?post=36805"}],"curies":[{"name":"wp","href":"https:\/\/api.w.org\/{rel}","templated":true}]}}