{"id":36791,"date":"2018-07-19T20:52:52","date_gmt":"2018-07-19T23:52:52","guid":{"rendered":"https:\/\/eldiariodesanpedro.com.ar\/sitio\/?p=36791"},"modified":"2026-01-23T23:51:32","modified_gmt":"2026-01-24T02:51:32","slug":"voley-sub-17-en-nautico","status":"publish","type":"post","link":"https:\/\/eldiariodesanpedro.com.ar\/sitio\/voley-sub-17-en-nautico\/","title":{"rendered":"V\u00d3LEY: Sub 17 en N\u00e1utico"},"content":{"rendered":"<p><!-- VideographyWP Plugin Message: Automatic video embedding prevented by plugin options. --><br \/>\n  Se disput\u00f3 en el Club N\u00e1utico San Pedro el torneo masculino de v\u00f3ley categor\u00eda sub17. Los equipos que asistieron fueron Baradero con dos equipos y Regatas de San Nicol\u00e1s. N\u00e1utico no alcanz\u00f3 a llevarse el primer puesto perdiendo la final contra Baradero \u00abA\u00bb.   <\/p>\n<p>  Los jugadores que participaron del torneo fueron Gianluca Bisi (C), Nazareno Massaglia, M\u00e1ximo Dom\u00ednguez, Tom\u00e1s Oul\u00e9, Tomas Bivona, Sim\u00f3n Paradela, Francisco Nouet, Francisco Botta, Mateo Cejas, Mantovani Mart\u00edn, Santiago Reppeti, Amadeo Torre Figueroa. Dt: Gonzalo Ratto.<\/p>\n","protected":false},"excerpt":{"rendered":"<p>Se disput\u00f3 en el Club N\u00e1utico San Pedro el torneo masculino de v\u00f3ley categor\u00eda sub17. Los equipos que asistieron fueron Baradero con dos equipos y Regatas de San Nicol\u00e1s. N\u00e1utico no alcanz\u00f3 a llevarse el primer puesto perdiendo la final contra Baradero \u00abA\u00bb. Los jugadores que participaron del torneo fueron Gianluca Bisi (C), Nazareno Massaglia, [&hellip;]<\/p>\n","protected":false},"author":4,"featured_media":22457,"comment_status":"open","ping_status":"closed","sticky":false,"template":"","format":"standard","meta":{"om_disable_all_campaigns":false,"_jetpack_memberships_contains_paid_content":false,"footnotes":""},"categories":[5],"tags":[],"class_list":["post-36791","post","type-post","status-publish","format-standard","has-post-thumbnail","hentry","category-deportes"],"aioseo_notices":[],"gutentor_comment":0,"jetpack_featured_media_url":"https:\/\/eldiariodesanpedro.com.ar\/sitio\/wp-content\/uploads\/2017\/08\/voley.jpg","jetpack_shortlink":"https:\/\/wp.me\/p6RhLt-9zp","jetpack_sharing_enabled":true,"_links":{"self":[{"href":"https:\/\/eldiariodesanpedro.com.ar\/sitio\/wp-json\/wp\/v2\/posts\/36791","targetHints":{"allow":["GET"]}}],"collection":[{"href":"https:\/\/eldiariodesanpedro.com.ar\/sitio\/wp-json\/wp\/v2\/posts"}],"about":[{"href":"https:\/\/eldiariodesanpedro.com.ar\/sitio\/wp-json\/wp\/v2\/types\/post"}],"author":[{"embeddable":true,"href":"https:\/\/eldiariodesanpedro.com.ar\/sitio\/wp-json\/wp\/v2\/users\/4"}],"replies":[{"embeddable":true,"href":"https:\/\/eldiariodesanpedro.com.ar\/sitio\/wp-json\/wp\/v2\/comments?post=36791"}],"version-history":[{"count":1,"href":"https:\/\/eldiariodesanpedro.com.ar\/sitio\/wp-json\/wp\/v2\/posts\/36791\/revisions"}],"predecessor-version":[{"id":36794,"href":"https:\/\/eldiariodesanpedro.com.ar\/sitio\/wp-json\/wp\/v2\/posts\/36791\/revisions\/36794"}],"wp:featuredmedia":[{"embeddable":true,"href":"https:\/\/eldiariodesanpedro.com.ar\/sitio\/wp-json\/wp\/v2\/media\/22457"}],"wp:attachment":[{"href":"https:\/\/eldiariodesanpedro.com.ar\/sitio\/wp-json\/wp\/v2\/media?parent=36791"}],"wp:term":[{"taxonomy":"category","embeddable":true,"href":"https:\/\/eldiariodesanpedro.com.ar\/sitio\/wp-json\/wp\/v2\/categories?post=36791"},{"taxonomy":"post_tag","embeddable":true,"href":"https:\/\/eldiariodesanpedro.com.ar\/sitio\/wp-json\/wp\/v2\/tags?post=36791"}],"curies":[{"name":"wp","href":"https:\/\/api.w.org\/{rel}","templated":true}]}}