{"id":36790,"date":"2018-07-19T20:52:42","date_gmt":"2018-07-19T23:52:42","guid":{"rendered":"https:\/\/eldiariodesanpedro.com.ar\/sitio\/?p=36790"},"modified":"2026-01-23T23:51:32","modified_gmt":"2026-01-24T02:51:32","slug":"canotaje-hasta-el-fin-de-semana-lisandro-butti-y-tomas-perez-concentran-con-el-equipo-nacional-de-cadetes-en-concepcion-del-uruguay","status":"publish","type":"post","link":"https:\/\/eldiariodesanpedro.com.ar\/sitio\/canotaje-hasta-el-fin-de-semana-lisandro-butti-y-tomas-perez-concentran-con-el-equipo-nacional-de-cadetes-en-concepcion-del-uruguay\/","title":{"rendered":"CANOTAJE: Hasta el fin de semana, Lisandro Butti y Tom\u00e1s P\u00e9rez concentran con el equipo nacional de Cadetes en Concepci\u00f3n del Uruguay"},"content":{"rendered":"<p><!-- VideographyWP Plugin Message: Automatic video embedding prevented by plugin options. --><br \/>\n  La convocatoria tiene como objetivo comenzar a preprarar el equipo de Cadetes con miras al Campeonato Sudamericano que se llevar\u00e1 a cabo en Argentina en noviembre.<\/p>\n<p>  Por su parte, Melina S\u00e1nchez partir\u00e1 hacia Bulgaria el 22 de Julio para competir en Bulgaria el 27 28 y 29 en el Campeonato Mundial Junior de Canotaje. La palista del CNSP integrar\u00e1 el K2 nacional. Nuevos orgullos del Canotaje Club N\u00e1utico San Pedro.<\/p>\n","protected":false},"excerpt":{"rendered":"<p>La convocatoria tiene como objetivo comenzar a preprarar el equipo de Cadetes con miras al Campeonato Sudamericano que se llevar\u00e1 a cabo en Argentina en noviembre. Por su parte, Melina S\u00e1nchez partir\u00e1 hacia Bulgaria el 22 de Julio para competir en Bulgaria el 27 28 y 29 en el Campeonato Mundial Junior de Canotaje. La [&hellip;]<\/p>\n","protected":false},"author":4,"featured_media":15466,"comment_status":"open","ping_status":"closed","sticky":false,"template":"","format":"standard","meta":{"om_disable_all_campaigns":false,"_jetpack_memberships_contains_paid_content":false,"footnotes":""},"categories":[5],"tags":[],"class_list":["post-36790","post","type-post","status-publish","format-standard","has-post-thumbnail","hentry","category-deportes"],"aioseo_notices":[],"gutentor_comment":0,"jetpack_featured_media_url":"https:\/\/eldiariodesanpedro.com.ar\/sitio\/wp-content\/uploads\/2017\/03\/Canotaje.jpg","jetpack_shortlink":"https:\/\/wp.me\/p6RhLt-9zo","jetpack_sharing_enabled":true,"_links":{"self":[{"href":"https:\/\/eldiariodesanpedro.com.ar\/sitio\/wp-json\/wp\/v2\/posts\/36790","targetHints":{"allow":["GET"]}}],"collection":[{"href":"https:\/\/eldiariodesanpedro.com.ar\/sitio\/wp-json\/wp\/v2\/posts"}],"about":[{"href":"https:\/\/eldiariodesanpedro.com.ar\/sitio\/wp-json\/wp\/v2\/types\/post"}],"author":[{"embeddable":true,"href":"https:\/\/eldiariodesanpedro.com.ar\/sitio\/wp-json\/wp\/v2\/users\/4"}],"replies":[{"embeddable":true,"href":"https:\/\/eldiariodesanpedro.com.ar\/sitio\/wp-json\/wp\/v2\/comments?post=36790"}],"version-history":[{"count":2,"href":"https:\/\/eldiariodesanpedro.com.ar\/sitio\/wp-json\/wp\/v2\/posts\/36790\/revisions"}],"predecessor-version":[{"id":36795,"href":"https:\/\/eldiariodesanpedro.com.ar\/sitio\/wp-json\/wp\/v2\/posts\/36790\/revisions\/36795"}],"wp:featuredmedia":[{"embeddable":true,"href":"https:\/\/eldiariodesanpedro.com.ar\/sitio\/wp-json\/wp\/v2\/media\/15466"}],"wp:attachment":[{"href":"https:\/\/eldiariodesanpedro.com.ar\/sitio\/wp-json\/wp\/v2\/media?parent=36790"}],"wp:term":[{"taxonomy":"category","embeddable":true,"href":"https:\/\/eldiariodesanpedro.com.ar\/sitio\/wp-json\/wp\/v2\/categories?post=36790"},{"taxonomy":"post_tag","embeddable":true,"href":"https:\/\/eldiariodesanpedro.com.ar\/sitio\/wp-json\/wp\/v2\/tags?post=36790"}],"curies":[{"name":"wp","href":"https:\/\/api.w.org\/{rel}","templated":true}]}}