{"id":36789,"date":"2018-07-19T20:52:42","date_gmt":"2018-07-19T23:52:42","guid":{"rendered":"https:\/\/eldiariodesanpedro.com.ar\/sitio\/?p=36789"},"modified":"2026-01-23T23:51:32","modified_gmt":"2026-01-24T02:51:32","slug":"nacional-sub-15-comienza-el-15-de-agosto-y-seremos-visitantes","status":"publish","type":"post","link":"https:\/\/eldiariodesanpedro.com.ar\/sitio\/nacional-sub-15-comienza-el-15-de-agosto-y-seremos-visitantes\/","title":{"rendered":"NACIONAL SUB 15: Comienza el 15 de agosto y seremos visitantes"},"content":{"rendered":"<p><!-- VideographyWP Plugin Message: Automatic video embedding prevented by plugin options. --><br \/>\n  En el certamen que coordina Federaci\u00f3n Norte de F\u00fatbol. San Pedro integra la zona junto a SADA, Arrecifes y Pergamino, este \u00faltimo el primer rival. <\/p>\n<p><strong>Fixture<\/strong><br \/>\n1ra fecha: Pergamino vs San Pedro y Arrecifes vs SADA<br \/>\n2da fecha: San Pedro vs Arrecifes y SADA vs Pergamino<br \/>\n3ra fecha: Arrecifes vs Pergamino y San Pedro vs SADA<br \/>\n4ta fecha: San Pedro vs Pergamino y SADA vs Arrecifes<br \/>\n5ta fecha: Arrecifes vs San Pedro y Pergamino vs SADA<br \/>\n6ta fecha: Pergamino vs Arrecifes y SADA vs San Pedro<\/p>\n","protected":false},"excerpt":{"rendered":"<p>En el certamen que coordina Federaci\u00f3n Norte de F\u00fatbol. San Pedro integra la zona junto a SADA, Arrecifes y Pergamino, este \u00faltimo el primer rival. Fixture 1ra fecha: Pergamino vs San Pedro y Arrecifes vs SADA 2da fecha: San Pedro vs Arrecifes y SADA vs Pergamino 3ra fecha: Arrecifes vs Pergamino y San Pedro vs [&hellip;]<\/p>\n","protected":false},"author":4,"featured_media":21255,"comment_status":"open","ping_status":"closed","sticky":false,"template":"","format":"standard","meta":{"om_disable_all_campaigns":false,"_jetpack_memberships_contains_paid_content":false,"footnotes":""},"categories":[5],"tags":[],"class_list":["post-36789","post","type-post","status-publish","format-standard","has-post-thumbnail","hentry","category-deportes"],"aioseo_notices":[],"gutentor_comment":0,"jetpack_featured_media_url":"https:\/\/eldiariodesanpedro.com.ar\/sitio\/wp-content\/uploads\/2017\/07\/futbol-arco.jpg","jetpack_shortlink":"https:\/\/wp.me\/p6RhLt-9zn","jetpack_sharing_enabled":true,"_links":{"self":[{"href":"https:\/\/eldiariodesanpedro.com.ar\/sitio\/wp-json\/wp\/v2\/posts\/36789","targetHints":{"allow":["GET"]}}],"collection":[{"href":"https:\/\/eldiariodesanpedro.com.ar\/sitio\/wp-json\/wp\/v2\/posts"}],"about":[{"href":"https:\/\/eldiariodesanpedro.com.ar\/sitio\/wp-json\/wp\/v2\/types\/post"}],"author":[{"embeddable":true,"href":"https:\/\/eldiariodesanpedro.com.ar\/sitio\/wp-json\/wp\/v2\/users\/4"}],"replies":[{"embeddable":true,"href":"https:\/\/eldiariodesanpedro.com.ar\/sitio\/wp-json\/wp\/v2\/comments?post=36789"}],"version-history":[{"count":2,"href":"https:\/\/eldiariodesanpedro.com.ar\/sitio\/wp-json\/wp\/v2\/posts\/36789\/revisions"}],"predecessor-version":[{"id":36796,"href":"https:\/\/eldiariodesanpedro.com.ar\/sitio\/wp-json\/wp\/v2\/posts\/36789\/revisions\/36796"}],"wp:featuredmedia":[{"embeddable":true,"href":"https:\/\/eldiariodesanpedro.com.ar\/sitio\/wp-json\/wp\/v2\/media\/21255"}],"wp:attachment":[{"href":"https:\/\/eldiariodesanpedro.com.ar\/sitio\/wp-json\/wp\/v2\/media?parent=36789"}],"wp:term":[{"taxonomy":"category","embeddable":true,"href":"https:\/\/eldiariodesanpedro.com.ar\/sitio\/wp-json\/wp\/v2\/categories?post=36789"},{"taxonomy":"post_tag","embeddable":true,"href":"https:\/\/eldiariodesanpedro.com.ar\/sitio\/wp-json\/wp\/v2\/tags?post=36789"}],"curies":[{"name":"wp","href":"https:\/\/api.w.org\/{rel}","templated":true}]}}