{"id":36785,"date":"2018-07-19T20:48:34","date_gmt":"2018-07-19T23:48:34","guid":{"rendered":"https:\/\/eldiariodesanpedro.com.ar\/sitio\/?p=36785"},"modified":"2026-01-23T23:51:32","modified_gmt":"2026-01-24T02:51:32","slug":"futbol-torneo-apertura-los-partidos-revanchas-entre-sabado-y-domingo-cejas-hablo-del-tema-entradas","status":"publish","type":"post","link":"https:\/\/eldiariodesanpedro.com.ar\/sitio\/futbol-torneo-apertura-los-partidos-revanchas-entre-sabado-y-domingo-cejas-hablo-del-tema-entradas\/","title":{"rendered":"F\u00daTBOL, Torneo Apertura: Los partidos revanchas entre s\u00e1bado y domingo. Cejas habl\u00f3 del tema entradas"},"content":{"rendered":"<p><!-- VideographyWP Plugin Message: Automatic video embedding prevented by plugin options. --><br \/>\nEn la sesi\u00f3n del lunes en la Liga Deportiva Sampedrina quedaron establecidos los horarios para los cotejos revanchas de todas las divisiones que definir\u00e1n el Torneo Apertura.  <\/p>\n<p>  La sesi\u00f3n del lunes en la liga fue para confirmar el comienzo del Clausura el domingo 29 del corriente mes y dejar establecidos los horarios para las finales, partidos revanchas, el pr\u00f3ximo fin de semana.<br \/>\n  Hubo un pedido de postergar una semana el comienzo del segundo torneo del a\u00f1o, lo que no fue aceptado por lo apretado en fechas de aqu\u00ed a fin de a\u00f1o (14 jornadas sin postergaciones).<br \/>\n  Tambi\u00e9n Hugo Cejas, presidente de la instituci\u00f3n hizo un relato de lo sucedido hasta ayer con el tema entradas al mundial en la que se ve involucrada la liga en un informe period\u00edstico (ayer le realiz\u00f3 nota Alejandro Fantino por La Red, AM 910), junto a muchas ligas del interior del pa\u00eds.<br \/>\n  Cejas explic\u00f3 a los dirigentes de los clubes (como lo hizo cuando se gener\u00f3 la pol\u00e9mica por su apoyo a una lista en Coopser sin consultar a sus pares) presentes el desconocimiento del tema hasta el viernes por la noche donde un informe de A24 deja expuesto el nombre de la liga con la supuesta venta de entradas para Rusia y m\u00e1s tarde la publicaci\u00f3n de un ticket donde figura la LDS.<br \/>\n  Tambi\u00e9n dijo que se comunic\u00f3 con el Presidente del Consejo Federal Pablo Toviggino, pero no obtuvo la respuesta esperada a su inquietud.<\/p>\n<p><strong>HORARIOS<\/strong><br \/>\n<strong>PARTIDOS FINALES, REVANCHAS<\/strong><\/p>\n<p><em>S\u00e1bado 21<\/em><br \/>\n16.00 horas- Independencia vs. Paran\u00e1 (5ta).<br \/>\n14.00 horas- Paran\u00e1 vs. La Esperanza (4ta).<\/p>\n<p><em>Domingo 22<\/em><br \/>\n12.30 horas- Mitre vs Agricultores (3ra).<br \/>\n15.00 horas- Def. Unidos vs. La Esperanza (sub 21)<br \/>\n15.00 horas- Mitre vs. Las Palmeras<\/p>\n","protected":false},"excerpt":{"rendered":"<p>En la sesi\u00f3n del lunes en la Liga Deportiva Sampedrina quedaron establecidos los horarios para los cotejos revanchas de todas las divisiones que definir\u00e1n el Torneo Apertura. La sesi\u00f3n del lunes en la liga fue para confirmar el comienzo del Clausura el domingo 29 del corriente mes y dejar establecidos los horarios para las finales, [&hellip;]<\/p>\n","protected":false},"author":4,"featured_media":12943,"comment_status":"open","ping_status":"closed","sticky":false,"template":"","format":"standard","meta":{"om_disable_all_campaigns":false,"_jetpack_memberships_contains_paid_content":false,"footnotes":""},"categories":[5],"tags":[],"class_list":["post-36785","post","type-post","status-publish","format-standard","has-post-thumbnail","hentry","category-deportes"],"aioseo_notices":[],"gutentor_comment":0,"jetpack_featured_media_url":"https:\/\/eldiariodesanpedro.com.ar\/sitio\/wp-content\/uploads\/2017\/01\/futbol.jpg","jetpack_shortlink":"https:\/\/wp.me\/p6RhLt-9zj","jetpack_sharing_enabled":true,"_links":{"self":[{"href":"https:\/\/eldiariodesanpedro.com.ar\/sitio\/wp-json\/wp\/v2\/posts\/36785","targetHints":{"allow":["GET"]}}],"collection":[{"href":"https:\/\/eldiariodesanpedro.com.ar\/sitio\/wp-json\/wp\/v2\/posts"}],"about":[{"href":"https:\/\/eldiariodesanpedro.com.ar\/sitio\/wp-json\/wp\/v2\/types\/post"}],"author":[{"embeddable":true,"href":"https:\/\/eldiariodesanpedro.com.ar\/sitio\/wp-json\/wp\/v2\/users\/4"}],"replies":[{"embeddable":true,"href":"https:\/\/eldiariodesanpedro.com.ar\/sitio\/wp-json\/wp\/v2\/comments?post=36785"}],"version-history":[{"count":1,"href":"https:\/\/eldiariodesanpedro.com.ar\/sitio\/wp-json\/wp\/v2\/posts\/36785\/revisions"}],"predecessor-version":[{"id":36788,"href":"https:\/\/eldiariodesanpedro.com.ar\/sitio\/wp-json\/wp\/v2\/posts\/36785\/revisions\/36788"}],"wp:featuredmedia":[{"embeddable":true,"href":"https:\/\/eldiariodesanpedro.com.ar\/sitio\/wp-json\/wp\/v2\/media\/12943"}],"wp:attachment":[{"href":"https:\/\/eldiariodesanpedro.com.ar\/sitio\/wp-json\/wp\/v2\/media?parent=36785"}],"wp:term":[{"taxonomy":"category","embeddable":true,"href":"https:\/\/eldiariodesanpedro.com.ar\/sitio\/wp-json\/wp\/v2\/categories?post=36785"},{"taxonomy":"post_tag","embeddable":true,"href":"https:\/\/eldiariodesanpedro.com.ar\/sitio\/wp-json\/wp\/v2\/tags?post=36785"}],"curies":[{"name":"wp","href":"https:\/\/api.w.org\/{rel}","templated":true}]}}