{"id":36784,"date":"2018-07-19T20:48:31","date_gmt":"2018-07-19T23:48:31","guid":{"rendered":"https:\/\/eldiariodesanpedro.com.ar\/sitio\/?p=36784"},"modified":"2026-01-23T23:51:32","modified_gmt":"2026-01-24T02:51:32","slug":"ciclismo-fran-chipolini-gano-en-lanus","status":"publish","type":"post","link":"https:\/\/eldiariodesanpedro.com.ar\/sitio\/ciclismo-fran-chipolini-gano-en-lanus\/","title":{"rendered":"CICLISMO: Fran Chipolini gan\u00f3 en Lan\u00fas"},"content":{"rendered":"<p><!-- VideographyWP Plugin Message: Automatic video embedding prevented by plugin options. --><br \/>\nGran Premio Ciudad de Lan\u00fas, se realiz\u00f3 el \u00faltimo s\u00e1bado 14; brillante participaci\u00f3n de Francisco Chipolini, Ganador en Promocionales y Juveniles, mientras Agust\u00edn Basualdo subi\u00f3 al 4to. Escal\u00f3n del podio Elite y M\u00e1ster \u201cA\u201d y estas fueron las clasificaciones oficiales.<\/p>\n<p><strong>PROMOCIONALES Y JUVENILES<\/strong><br \/>\n1\u00b0 Francisco Chipolini (San Pedro)<br \/>\n2\u00b0 Leandro Pissinis (Lobos)<br \/>\n3\u00b0 Sergio Costa (Roque P\u00e9rez)<br \/>\n4\u00b0 Emiliano Fern\u00e1ndez (Las Flores)<br \/>\n5\u00b0 Nicol\u00e1s Carrizo (Berazategui)<br \/>\n6\u00b0 Mauro Noguera (Las Flores)<\/p>\n<p><strong>ELITE Y M\u00c1STER \u201cA\u201d<\/strong><br \/>\n1\u00b0 Sergio Fredes (Ranchos)<br \/>\n2\u00b0 Miguel Montes (Alberti)<br \/>\n3\u00b0 Martin Ferrari (La Pampa)<br \/>\n4\u00b0 Agust\u00edn Basualdo (San Pedro)<br \/>\n5\u00b0 Gabriel Argento (Pergamino)<br \/>\n6\u00ba Mauro Noguera (Longchamps)<\/p>\n","protected":false},"excerpt":{"rendered":"<p>Gran Premio Ciudad de Lan\u00fas, se realiz\u00f3 el \u00faltimo s\u00e1bado 14; brillante participaci\u00f3n de Francisco Chipolini, Ganador en Promocionales y Juveniles, mientras Agust\u00edn Basualdo subi\u00f3 al 4to. Escal\u00f3n del podio Elite y M\u00e1ster \u201cA\u201d y estas fueron las clasificaciones oficiales. PROMOCIONALES Y JUVENILES 1\u00b0 Francisco Chipolini (San Pedro) 2\u00b0 Leandro Pissinis (Lobos) 3\u00b0 Sergio Costa [&hellip;]<\/p>\n","protected":false},"author":4,"featured_media":36786,"comment_status":"open","ping_status":"closed","sticky":false,"template":"","format":"standard","meta":{"om_disable_all_campaigns":false,"_jetpack_memberships_contains_paid_content":false,"footnotes":""},"categories":[5],"tags":[],"class_list":["post-36784","post","type-post","status-publish","format-standard","has-post-thumbnail","hentry","category-deportes"],"aioseo_notices":[],"gutentor_comment":0,"jetpack_featured_media_url":"https:\/\/eldiariodesanpedro.com.ar\/sitio\/wp-content\/uploads\/2018\/07\/Francisco-Chipolini-14-Julio-2018-Gran-Premio-Ciudad-de-Lan\u00fas.jpg","jetpack_shortlink":"https:\/\/wp.me\/p6RhLt-9zi","jetpack_sharing_enabled":true,"_links":{"self":[{"href":"https:\/\/eldiariodesanpedro.com.ar\/sitio\/wp-json\/wp\/v2\/posts\/36784","targetHints":{"allow":["GET"]}}],"collection":[{"href":"https:\/\/eldiariodesanpedro.com.ar\/sitio\/wp-json\/wp\/v2\/posts"}],"about":[{"href":"https:\/\/eldiariodesanpedro.com.ar\/sitio\/wp-json\/wp\/v2\/types\/post"}],"author":[{"embeddable":true,"href":"https:\/\/eldiariodesanpedro.com.ar\/sitio\/wp-json\/wp\/v2\/users\/4"}],"replies":[{"embeddable":true,"href":"https:\/\/eldiariodesanpedro.com.ar\/sitio\/wp-json\/wp\/v2\/comments?post=36784"}],"version-history":[{"count":1,"href":"https:\/\/eldiariodesanpedro.com.ar\/sitio\/wp-json\/wp\/v2\/posts\/36784\/revisions"}],"predecessor-version":[{"id":36787,"href":"https:\/\/eldiariodesanpedro.com.ar\/sitio\/wp-json\/wp\/v2\/posts\/36784\/revisions\/36787"}],"wp:featuredmedia":[{"embeddable":true,"href":"https:\/\/eldiariodesanpedro.com.ar\/sitio\/wp-json\/wp\/v2\/media\/36786"}],"wp:attachment":[{"href":"https:\/\/eldiariodesanpedro.com.ar\/sitio\/wp-json\/wp\/v2\/media?parent=36784"}],"wp:term":[{"taxonomy":"category","embeddable":true,"href":"https:\/\/eldiariodesanpedro.com.ar\/sitio\/wp-json\/wp\/v2\/categories?post=36784"},{"taxonomy":"post_tag","embeddable":true,"href":"https:\/\/eldiariodesanpedro.com.ar\/sitio\/wp-json\/wp\/v2\/tags?post=36784"}],"curies":[{"name":"wp","href":"https:\/\/api.w.org\/{rel}","templated":true}]}}