{"id":36779,"date":"2018-07-19T19:54:30","date_gmt":"2018-07-19T22:54:30","guid":{"rendered":"https:\/\/eldiariodesanpedro.com.ar\/sitio\/?p=36779"},"modified":"2018-07-19T21:13:38","modified_gmt":"2018-07-20T00:13:38","slug":"una-joven-en-moto-colisionada-por-una-camioneta-que-se-dio-a-la-fuga","status":"publish","type":"post","link":"https:\/\/eldiariodesanpedro.com.ar\/sitio\/una-joven-en-moto-colisionada-por-una-camioneta-que-se-dio-a-la-fuga\/","title":{"rendered":"Una joven en moto colisionada por una camioneta que se dio a la fuga"},"content":{"rendered":"<p><!-- VideographyWP Plugin Message: Automatic video embedding prevented by plugin options. --><br \/>\nOtro nuevo accidente entre una camioneta y una motocicleta donde una joven result\u00f3 herida, d\u00e1ndose a la fuga la causante del accidente.<\/p>\n<p>Esta tarde de jueves alrededor de las 19 hs se produjo un accidente de tr\u00e1nsito en la esquina de Almafuerte y la Av. 3 de Febrero donde una motocicleta Mondial Dax 70 cc en la que circulaba una joven de alrededor de 20 a\u00f1os de edad es colisionada por una camioneta Volkswagen Amarok color blanca que se dio a la fuga del lugar.<\/p>\n<p>La joven fue trasladada a la guardia del hospital local donde recibi\u00f3 las primera atenciones m\u00e9dicas, aunque no presentaba signos de heridas de gravedad.<\/p>\n<p>Testigos que alcanzaron ver el accidente salieron atr\u00e1s de la camioneta alcanzando ver la patente y dando aviso a la polic\u00eda, minutos despu\u00e9s la ciudadana que conduc\u00eda la Amarok se hizo presente en la Dependencia Local contando que no se hab\u00eda dado cuenta de la colision y comprometi\u00e9ndose a pagar los da\u00f1os ocasionados tanto con el rodado y la v\u00edctima.<\/p>\n<p><img decoding=\"async\" data-attachment-id=\"36775\" data-permalink=\"https:\/\/eldiariodesanpedro.com.ar\/sitio\/una-joven-en-moto-colisionada-por-una-camioneta-que-se-dio-a-la-fuga\/20180719_192308\/\" data-orig-file=\"https:\/\/eldiariodesanpedro.com.ar\/sitio\/wp-content\/uploads\/2018\/07\/20180719_192308-e1532040744613.jpg\" data-orig-size=\"1200,583\" data-comments-opened=\"1\" data-image-meta=\"{&quot;aperture&quot;:&quot;1.7&quot;,&quot;credit&quot;:&quot;&quot;,&quot;camera&quot;:&quot;SM-N950F&quot;,&quot;caption&quot;:&quot;&quot;,&quot;created_timestamp&quot;:&quot;1532028188&quot;,&quot;copyright&quot;:&quot;&quot;,&quot;focal_length&quot;:&quot;4.3&quot;,&quot;iso&quot;:&quot;250&quot;,&quot;shutter_speed&quot;:&quot;0.02&quot;,&quot;title&quot;:&quot;&quot;,&quot;orientation&quot;:&quot;1&quot;}\" data-image-title=\"20180719_192308\" data-image-description=\"\" data-image-caption=\"\" data-large-file=\"https:\/\/eldiariodesanpedro.com.ar\/sitio\/wp-content\/uploads\/2018\/07\/20180719_192308-1024x498.jpg\" class=\"size-large wp-image-36775 aligncenter lazyload\" data-src=\"https:\/\/eldiariodesanpedro.com.ar\/sitio\/wp-content\/uploads\/2018\/07\/20180719_192308-1024x498.jpg\" alt=\"\" width=\"660\" height=\"321\" src=\"data:image\/svg+xml;base64,PHN2ZyB3aWR0aD0iMSIgaGVpZ2h0PSIxIiB4bWxucz0iaHR0cDovL3d3dy53My5vcmcvMjAwMC9zdmciPjwvc3ZnPg==\" style=\"--smush-placeholder-width: 660px; --smush-placeholder-aspect-ratio: 660\/321;\" \/><\/p>\n<p><img decoding=\"async\" data-attachment-id=\"36776\" data-permalink=\"https:\/\/eldiariodesanpedro.com.ar\/sitio\/una-joven-en-moto-colisionada-por-una-camioneta-que-se-dio-a-la-fuga\/20180719_192251\/\" data-orig-file=\"https:\/\/eldiariodesanpedro.com.ar\/sitio\/wp-content\/uploads\/2018\/07\/20180719_192251-e1532040784404.jpg\" data-orig-size=\"1200,583\" data-comments-opened=\"1\" data-image-meta=\"{&quot;aperture&quot;:&quot;1.7&quot;,&quot;credit&quot;:&quot;&quot;,&quot;camera&quot;:&quot;SM-N950F&quot;,&quot;caption&quot;:&quot;&quot;,&quot;created_timestamp&quot;:&quot;1532028171&quot;,&quot;copyright&quot;:&quot;&quot;,&quot;focal_length&quot;:&quot;4.3&quot;,&quot;iso&quot;:&quot;200&quot;,&quot;shutter_speed&quot;:&quot;0.0625&quot;,&quot;title&quot;:&quot;&quot;,&quot;orientation&quot;:&quot;1&quot;}\" data-image-title=\"20180719_192251\" data-image-description=\"\" data-image-caption=\"\" data-large-file=\"https:\/\/eldiariodesanpedro.com.ar\/sitio\/wp-content\/uploads\/2018\/07\/20180719_192251-1024x498.jpg\" class=\"size-large wp-image-36776 aligncenter lazyload\" data-src=\"https:\/\/eldiariodesanpedro.com.ar\/sitio\/wp-content\/uploads\/2018\/07\/20180719_192251-1024x498.jpg\" alt=\"\" width=\"660\" height=\"321\" src=\"data:image\/svg+xml;base64,PHN2ZyB3aWR0aD0iMSIgaGVpZ2h0PSIxIiB4bWxucz0iaHR0cDovL3d3dy53My5vcmcvMjAwMC9zdmciPjwvc3ZnPg==\" style=\"--smush-placeholder-width: 660px; --smush-placeholder-aspect-ratio: 660\/321;\" \/><\/p>\n<p><img decoding=\"async\" data-attachment-id=\"36777\" data-permalink=\"https:\/\/eldiariodesanpedro.com.ar\/sitio\/una-joven-en-moto-colisionada-por-una-camioneta-que-se-dio-a-la-fuga\/20180719_192259\/\" data-orig-file=\"https:\/\/eldiariodesanpedro.com.ar\/sitio\/wp-content\/uploads\/2018\/07\/20180719_192259-e1532040810362.jpg\" data-orig-size=\"1200,583\" data-comments-opened=\"1\" data-image-meta=\"{&quot;aperture&quot;:&quot;1.7&quot;,&quot;credit&quot;:&quot;&quot;,&quot;camera&quot;:&quot;SM-N950F&quot;,&quot;caption&quot;:&quot;&quot;,&quot;created_timestamp&quot;:&quot;1532028179&quot;,&quot;copyright&quot;:&quot;&quot;,&quot;focal_length&quot;:&quot;4.3&quot;,&quot;iso&quot;:&quot;320&quot;,&quot;shutter_speed&quot;:&quot;0.1&quot;,&quot;title&quot;:&quot;&quot;,&quot;orientation&quot;:&quot;1&quot;}\" data-image-title=\"20180719_192259\" data-image-description=\"\" data-image-caption=\"\" data-large-file=\"https:\/\/eldiariodesanpedro.com.ar\/sitio\/wp-content\/uploads\/2018\/07\/20180719_192259-1024x498.jpg\" class=\"size-large wp-image-36777 aligncenter lazyload\" data-src=\"https:\/\/eldiariodesanpedro.com.ar\/sitio\/wp-content\/uploads\/2018\/07\/20180719_192259-1024x498.jpg\" alt=\"\" width=\"660\" height=\"321\" src=\"data:image\/svg+xml;base64,PHN2ZyB3aWR0aD0iMSIgaGVpZ2h0PSIxIiB4bWxucz0iaHR0cDovL3d3dy53My5vcmcvMjAwMC9zdmciPjwvc3ZnPg==\" style=\"--smush-placeholder-width: 660px; --smush-placeholder-aspect-ratio: 660\/321;\" \/><\/p>\n<p><img decoding=\"async\" data-attachment-id=\"36778\" data-permalink=\"https:\/\/eldiariodesanpedro.com.ar\/sitio\/una-joven-en-moto-colisionada-por-una-camioneta-que-se-dio-a-la-fuga\/20180719_192245\/\" data-orig-file=\"https:\/\/eldiariodesanpedro.com.ar\/sitio\/wp-content\/uploads\/2018\/07\/20180719_192245-e1532040828591.jpg\" data-orig-size=\"1200,583\" data-comments-opened=\"1\" data-image-meta=\"{&quot;aperture&quot;:&quot;1.7&quot;,&quot;credit&quot;:&quot;&quot;,&quot;camera&quot;:&quot;SM-N950F&quot;,&quot;caption&quot;:&quot;&quot;,&quot;created_timestamp&quot;:&quot;1532028165&quot;,&quot;copyright&quot;:&quot;&quot;,&quot;focal_length&quot;:&quot;4.3&quot;,&quot;iso&quot;:&quot;320&quot;,&quot;shutter_speed&quot;:&quot;0.1&quot;,&quot;title&quot;:&quot;&quot;,&quot;orientation&quot;:&quot;1&quot;}\" data-image-title=\"20180719_192245\" data-image-description=\"\" data-image-caption=\"\" data-large-file=\"https:\/\/eldiariodesanpedro.com.ar\/sitio\/wp-content\/uploads\/2018\/07\/20180719_192245-1024x498.jpg\" class=\"size-large wp-image-36778 aligncenter lazyload\" data-src=\"https:\/\/eldiariodesanpedro.com.ar\/sitio\/wp-content\/uploads\/2018\/07\/20180719_192245-1024x498.jpg\" alt=\"\" width=\"660\" height=\"321\" src=\"data:image\/svg+xml;base64,PHN2ZyB3aWR0aD0iMSIgaGVpZ2h0PSIxIiB4bWxucz0iaHR0cDovL3d3dy53My5vcmcvMjAwMC9zdmciPjwvc3ZnPg==\" style=\"--smush-placeholder-width: 660px; --smush-placeholder-aspect-ratio: 660\/321;\" \/><\/p>\n","protected":false},"excerpt":{"rendered":"<p>Otro nuevo accidente entre una camioneta y una motocicleta donde una joven result\u00f3 herida, d\u00e1ndose a la fuga la causante del accidente. Esta tarde de jueves alrededor de las 19 hs se produjo un accidente de tr\u00e1nsito en la esquina de Almafuerte y la Av. 3 de Febrero donde una motocicleta Mondial Dax 70 cc [&hellip;]<\/p>\n","protected":false},"author":4,"featured_media":36775,"comment_status":"open","ping_status":"closed","sticky":false,"template":"","format":"standard","meta":{"om_disable_all_campaigns":false,"_jetpack_memberships_contains_paid_content":false,"footnotes":""},"categories":[2,103],"tags":[],"class_list":["post-36779","post","type-post","status-publish","format-standard","has-post-thumbnail","hentry","category-locales","category-policiales-locales"],"aioseo_notices":[],"gutentor_comment":0,"jetpack_featured_media_url":"https:\/\/eldiariodesanpedro.com.ar\/sitio\/wp-content\/uploads\/2018\/07\/20180719_192308-e1532040744613.jpg","jetpack_shortlink":"https:\/\/wp.me\/p6RhLt-9zd","jetpack_sharing_enabled":true,"_links":{"self":[{"href":"https:\/\/eldiariodesanpedro.com.ar\/sitio\/wp-json\/wp\/v2\/posts\/36779","targetHints":{"allow":["GET"]}}],"collection":[{"href":"https:\/\/eldiariodesanpedro.com.ar\/sitio\/wp-json\/wp\/v2\/posts"}],"about":[{"href":"https:\/\/eldiariodesanpedro.com.ar\/sitio\/wp-json\/wp\/v2\/types\/post"}],"author":[{"embeddable":true,"href":"https:\/\/eldiariodesanpedro.com.ar\/sitio\/wp-json\/wp\/v2\/users\/4"}],"replies":[{"embeddable":true,"href":"https:\/\/eldiariodesanpedro.com.ar\/sitio\/wp-json\/wp\/v2\/comments?post=36779"}],"version-history":[{"count":4,"href":"https:\/\/eldiariodesanpedro.com.ar\/sitio\/wp-json\/wp\/v2\/posts\/36779\/revisions"}],"predecessor-version":[{"id":36804,"href":"https:\/\/eldiariodesanpedro.com.ar\/sitio\/wp-json\/wp\/v2\/posts\/36779\/revisions\/36804"}],"wp:featuredmedia":[{"embeddable":true,"href":"https:\/\/eldiariodesanpedro.com.ar\/sitio\/wp-json\/wp\/v2\/media\/36775"}],"wp:attachment":[{"href":"https:\/\/eldiariodesanpedro.com.ar\/sitio\/wp-json\/wp\/v2\/media?parent=36779"}],"wp:term":[{"taxonomy":"category","embeddable":true,"href":"https:\/\/eldiariodesanpedro.com.ar\/sitio\/wp-json\/wp\/v2\/categories?post=36779"},{"taxonomy":"post_tag","embeddable":true,"href":"https:\/\/eldiariodesanpedro.com.ar\/sitio\/wp-json\/wp\/v2\/tags?post=36779"}],"curies":[{"name":"wp","href":"https:\/\/api.w.org\/{rel}","templated":true}]}}