{"id":36766,"date":"2018-07-19T16:34:36","date_gmt":"2018-07-19T19:34:36","guid":{"rendered":"https:\/\/eldiariodesanpedro.com.ar\/sitio\/?p=36766"},"modified":"2018-07-19T18:21:45","modified_gmt":"2018-07-19T21:21:45","slug":"tres-anos-del-asesinato-de-tomas-zubiete-video","status":"publish","type":"post","link":"https:\/\/eldiariodesanpedro.com.ar\/sitio\/tres-anos-del-asesinato-de-tomas-zubiete-video\/","title":{"rendered":"Tres a\u00f1os del asesinato de Tom\u00e1s Zubiete (Video)"},"content":{"rendered":"<p><!-- VideographyWP Plugin Message: Automatic video embedding prevented by plugin options. --><br \/>\nSe cumple el tercer aniversario del fallecimiento de Tom\u00e1s Zubiete, joven asesinado de un disparo en la frente a quemarropa delante de su hermano menor, de 13 a\u00f1os. Dialogamos con Oscar, su padre, quien pide justicia por su hijo.<\/p>\n<p>Hoy 19 de julio se cumplen 3 a\u00f1os del fallecimiento de Tom\u00e1s. En el a\u00f1o 2015 lo asesinaron. Su pap\u00e1 nos cuenta c\u00f3mo va la causa.<br \/>\nTomas fue asesinado de un tiro en la frente, su asesino est\u00e1 bajo arresto domiciliario, pero algunos testigos lo han visto circulando libremente por la calle. \u201cLas pruebas est\u00e1n todas y \u00e9l reconoci\u00f3 el asesinato. Est\u00e1bamos esperando que el vuelva a la c\u00e1rcel\u201d asegur\u00f3 el padre de Tom\u00e1s.<br \/>\nEl sujeto acusado de la muerte de Tom\u00e1s, ya pas\u00f3 por un juicio abreviado y fue condenado con 8 a\u00f1os de prisi\u00f3n, a pesar de esto tiene arresto domiciliario, que no ser\u00eda estrictamente cumplido. No siendo esto poco, la madre del asesino vive al lado de la casa de la familia de Tom\u00e1s.<br \/>\nCon respecto a la situaci\u00f3n de arresto domiciliario, Oscar dice apesadumbrado \u201cEl asesino todav\u00eda est\u00e1 suelto con arresto domiciliario, la Fiscal Viviana Ramos dijo que ten\u00edamos que esperar a que la C\u00e1mara resuelva. Hoy hace tres a\u00f1os que estamos esperando. Est\u00e1bamos arreglando 8 a\u00f1os de c\u00e1rcel para el asesino cuando nos enteramos que el pibe estaba suelto. Cuando me acerco a la Fiscal\u00eda a averiguar y\/o comunicar sobre esta situaci\u00f3n, la Fiscal estaba asombrada\u201d.<\/p>\n<p>\u201cTom\u00e1s fue asesinado durante la noche del 19 de julio de 2015\u201d, cuenta su padre. \u201cYo estaba internado con un infarto y Tom\u00e1s fue con mi hijo menor a hablar con Mat\u00edas, cuando llegaron a su casa, los invit\u00f3 a pasar a la habitaci\u00f3n y, en ese mismo momento sac\u00f3 un arma y apunt\u00f3 a mi hijo menor. Tom\u00e1s le dijo que no lo apuntara que se le pod\u00eda escapar un tiro, palabras m\u00e1s, palabras menos, le dijo por qu\u00e9 no lo apuntaba a \u00e9l. Entonces Mat\u00edas, se levant\u00f3, le apoy\u00f3 el arma en la frente y dispar\u00f3\u201d.<br \/>\n\u201cEncontraron el arma, Mat\u00edas confes\u00f3 y reconoci\u00f3 el asesinato. No se puede entender lo que pasa, Ojal\u00e1 sea como nos dijeron, que la causa fue elevada a C\u00e1mara y la est\u00e1n reevaluando. Nosotros ya no creemos en nada\u201d expres\u00f3 Oscar. \u201cEs mucho el tiempo que paso y queremos que lo metan adentro\u201d.<\/p>\n<p><iframe style=\"border: none; overflow: hidden;\" data-src=\"https:\/\/www.facebook.com\/plugins\/video.php?href=https%3A%2F%2Fwww.facebook.com%2Feldiario.desanpedro%2Fvideos%2F814742372068237%2F&amp;show_text=0&amp;width=560\" width=\"720\" height=\"480\" frameborder=\"0\" scrolling=\"no\" allowfullscreen=\"allowfullscreen\" src=\"data:image\/svg+xml;base64,PHN2ZyB3aWR0aD0iMSIgaGVpZ2h0PSIxIiB4bWxucz0iaHR0cDovL3d3dy53My5vcmcvMjAwMC9zdmciPjwvc3ZnPg==\" data-load-mode=\"1\"><span data-mce-type=\"bookmark\" style=\"display: inline-block; width: 0px; overflow: hidden; line-height: 0;\" class=\"mce_SELRES_start lazyload\">\ufeff<\/span><\/iframe><\/p>\n","protected":false},"excerpt":{"rendered":"<p>Se cumple el tercer aniversario del fallecimiento de Tom\u00e1s Zubiete, joven asesinado de un disparo en la frente a quemarropa delante de su hermano menor, de 13 a\u00f1os. Dialogamos con Oscar, su padre, quien pide justicia por su hijo. Hoy 19 de julio se cumplen 3 a\u00f1os del fallecimiento de Tom\u00e1s. En el a\u00f1o 2015 [&hellip;]<\/p>\n","protected":false},"author":4,"featured_media":36774,"comment_status":"open","ping_status":"closed","sticky":false,"template":"","format":"standard","meta":{"om_disable_all_campaigns":false,"_jetpack_memberships_contains_paid_content":false,"footnotes":""},"categories":[50,2,103],"tags":[],"class_list":["post-36766","post","type-post","status-publish","format-standard","has-post-thumbnail","hentry","category-destacadas","category-locales","category-policiales-locales"],"aioseo_notices":[],"gutentor_comment":0,"jetpack_featured_media_url":"https:\/\/eldiariodesanpedro.com.ar\/sitio\/wp-content\/uploads\/2018\/07\/tomas-zubiete.jpg","jetpack_shortlink":"https:\/\/wp.me\/p6RhLt-9z0","jetpack_sharing_enabled":true,"_links":{"self":[{"href":"https:\/\/eldiariodesanpedro.com.ar\/sitio\/wp-json\/wp\/v2\/posts\/36766","targetHints":{"allow":["GET"]}}],"collection":[{"href":"https:\/\/eldiariodesanpedro.com.ar\/sitio\/wp-json\/wp\/v2\/posts"}],"about":[{"href":"https:\/\/eldiariodesanpedro.com.ar\/sitio\/wp-json\/wp\/v2\/types\/post"}],"author":[{"embeddable":true,"href":"https:\/\/eldiariodesanpedro.com.ar\/sitio\/wp-json\/wp\/v2\/users\/4"}],"replies":[{"embeddable":true,"href":"https:\/\/eldiariodesanpedro.com.ar\/sitio\/wp-json\/wp\/v2\/comments?post=36766"}],"version-history":[{"count":1,"href":"https:\/\/eldiariodesanpedro.com.ar\/sitio\/wp-json\/wp\/v2\/posts\/36766\/revisions"}],"predecessor-version":[{"id":36767,"href":"https:\/\/eldiariodesanpedro.com.ar\/sitio\/wp-json\/wp\/v2\/posts\/36766\/revisions\/36767"}],"wp:featuredmedia":[{"embeddable":true,"href":"https:\/\/eldiariodesanpedro.com.ar\/sitio\/wp-json\/wp\/v2\/media\/36774"}],"wp:attachment":[{"href":"https:\/\/eldiariodesanpedro.com.ar\/sitio\/wp-json\/wp\/v2\/media?parent=36766"}],"wp:term":[{"taxonomy":"category","embeddable":true,"href":"https:\/\/eldiariodesanpedro.com.ar\/sitio\/wp-json\/wp\/v2\/categories?post=36766"},{"taxonomy":"post_tag","embeddable":true,"href":"https:\/\/eldiariodesanpedro.com.ar\/sitio\/wp-json\/wp\/v2\/tags?post=36766"}],"curies":[{"name":"wp","href":"https:\/\/api.w.org\/{rel}","templated":true}]}}