{"id":36759,"date":"2018-07-19T11:32:07","date_gmt":"2018-07-19T14:32:07","guid":{"rendered":"https:\/\/eldiariodesanpedro.com.ar\/sitio\/?p=36759"},"modified":"2018-07-19T11:34:42","modified_gmt":"2018-07-19T14:34:42","slug":"la-jornada-de-descuento-del-50-de-banco-provincia-fue-un-exito-entre-los-consumidores","status":"publish","type":"post","link":"https:\/\/eldiariodesanpedro.com.ar\/sitio\/la-jornada-de-descuento-del-50-de-banco-provincia-fue-un-exito-entre-los-consumidores\/","title":{"rendered":"La jornada de descuento del 50% de Banco Provincia fue un \u00e9xito entre los consumidores"},"content":{"rendered":"<p><!-- VideographyWP Plugin Message: Automatic video embedding prevented by plugin options. --><br \/>\nLa nueva jornada de descuentos del 50 por ciento de Banco Provincia en supermercados tuvo un extraordinario recibimiento entre los consumidores que concurrieron masivamente a los comercios adheridos.<\/p>\n<p>La primera jornada de este mes, el beneficio se repetir\u00e1 el pr\u00f3ximo mi\u00e9rcoles 25, estuvo disponible en 390 sucursales de las cadenas Coto, Disco, Vea, Jumbo, Toledo, La An\u00f3nima, Cooperativa Obrera y La Amistad en toda la Provincia de Buenos Aires.<\/p>\n<p>Desde temprano los comercios adheridos registraron una importante afluencia de p\u00fablico que, en algunos casos, duplic\u00f3 o triplic\u00f3 el caudal habitual para estas fechas.<\/p>\n<p>Para atender esa expansi\u00f3n de la demanda algunos supermercados ampliaron sus horarios de atenci\u00f3n al p\u00fablico, lo que mejor\u00f3 el acceso al beneficio que est\u00e1 disponible para m\u00e1s de 4,2 millones de bonaerenses.<\/p>\n<p>\u201cLa gobernadora Mar\u00eda Eugenia Vidal nos propuso desde el primer d\u00eda llevar al Banco Provincia m\u00e1s cerca de la gente, y cuando vemos la recepci\u00f3n que tuvo esta nueva fecha del beneficio del 50 por ciento sentimos que vamos en esa direcci\u00f3n\u201d, destac\u00f3 Juan Curutchet, presidente de la entidad.<\/p>\n<p>Curutchet record\u00f3 que el beneficio volver\u00e1 a estar disponible el pr\u00f3ximo mi\u00e9rcoles y se\u00f1al\u00f3 que \u201cquienes a\u00fan no sean clientes de Banco Provincia pueden abrir una cuenta y as\u00ed tambi\u00e9n acceder a los descuentos\u201d.<\/p>\n<p>El beneficio abarca las compras con tarjetas de cr\u00e9dito y d\u00e9bito emitidas por la entidad en alimentos, productos frescos, bebidas no alcoh\u00f3licas, art\u00edculos de limpieza y todos los productos de precios cuidados de dichos segmentos.<\/p>\n","protected":false},"excerpt":{"rendered":"<p>La nueva jornada de descuentos del 50 por ciento de Banco Provincia en supermercados tuvo un extraordinario recibimiento entre los consumidores que concurrieron masivamente a los comercios adheridos. La primera jornada de este mes, el beneficio se repetir\u00e1 el pr\u00f3ximo mi\u00e9rcoles 25, estuvo disponible en 390 sucursales de las cadenas Coto, Disco, Vea, Jumbo, Toledo, [&hellip;]<\/p>\n","protected":false},"author":4,"featured_media":36760,"comment_status":"open","ping_status":"closed","sticky":false,"template":"","format":"standard","meta":{"om_disable_all_campaigns":false,"_jetpack_memberships_contains_paid_content":false,"footnotes":""},"categories":[621],"tags":[],"class_list":["post-36759","post","type-post","status-publish","format-standard","has-post-thumbnail","hentry","category-regionales"],"aioseo_notices":[],"gutentor_comment":0,"jetpack_featured_media_url":"https:\/\/eldiariodesanpedro.com.ar\/sitio\/wp-content\/uploads\/2018\/07\/Promo-50-descuento-en-supermercados-e1532010862318.jpg","jetpack_shortlink":"https:\/\/wp.me\/p6RhLt-9yT","jetpack_sharing_enabled":true,"_links":{"self":[{"href":"https:\/\/eldiariodesanpedro.com.ar\/sitio\/wp-json\/wp\/v2\/posts\/36759","targetHints":{"allow":["GET"]}}],"collection":[{"href":"https:\/\/eldiariodesanpedro.com.ar\/sitio\/wp-json\/wp\/v2\/posts"}],"about":[{"href":"https:\/\/eldiariodesanpedro.com.ar\/sitio\/wp-json\/wp\/v2\/types\/post"}],"author":[{"embeddable":true,"href":"https:\/\/eldiariodesanpedro.com.ar\/sitio\/wp-json\/wp\/v2\/users\/4"}],"replies":[{"embeddable":true,"href":"https:\/\/eldiariodesanpedro.com.ar\/sitio\/wp-json\/wp\/v2\/comments?post=36759"}],"version-history":[{"count":1,"href":"https:\/\/eldiariodesanpedro.com.ar\/sitio\/wp-json\/wp\/v2\/posts\/36759\/revisions"}],"predecessor-version":[{"id":36761,"href":"https:\/\/eldiariodesanpedro.com.ar\/sitio\/wp-json\/wp\/v2\/posts\/36759\/revisions\/36761"}],"wp:featuredmedia":[{"embeddable":true,"href":"https:\/\/eldiariodesanpedro.com.ar\/sitio\/wp-json\/wp\/v2\/media\/36760"}],"wp:attachment":[{"href":"https:\/\/eldiariodesanpedro.com.ar\/sitio\/wp-json\/wp\/v2\/media?parent=36759"}],"wp:term":[{"taxonomy":"category","embeddable":true,"href":"https:\/\/eldiariodesanpedro.com.ar\/sitio\/wp-json\/wp\/v2\/categories?post=36759"},{"taxonomy":"post_tag","embeddable":true,"href":"https:\/\/eldiariodesanpedro.com.ar\/sitio\/wp-json\/wp\/v2\/tags?post=36759"}],"curies":[{"name":"wp","href":"https:\/\/api.w.org\/{rel}","templated":true}]}}