{"id":36756,"date":"2018-07-19T11:24:23","date_gmt":"2018-07-19T14:24:23","guid":{"rendered":"https:\/\/eldiariodesanpedro.com.ar\/sitio\/?p=36756"},"modified":"2018-07-19T11:24:23","modified_gmt":"2018-07-19T14:24:23","slug":"el-intendente-se-reunio-con-funcionarios-de-medio-ambiente-y-derechos-humanos","status":"publish","type":"post","link":"https:\/\/eldiariodesanpedro.com.ar\/sitio\/el-intendente-se-reunio-con-funcionarios-de-medio-ambiente-y-derechos-humanos\/","title":{"rendered":"El Intendente se reuni\u00f3 con funcionarios de Medio Ambiente y Derechos Humanos"},"content":{"rendered":"<p><!-- VideographyWP Plugin Message: Automatic video embedding prevented by plugin options. --><br \/>\nEl Intendente Municipal Cecilio Salazar mantuvo este mi\u00e9rcoles reuniones en la ciudad de Buenos Aires con Nahuel Mu\u00f1oz, Asesor de la Jefatura de Gabinete del Ministerio de Ambiente y Desarrollo Sustentable de Naci\u00f3n.<\/p>\n<p>Junto al jefe comunal asisti\u00f3 el concejal Dami\u00e1n Lafalce que particip\u00f3 de las reuniones.<\/p>\n<p>En la misma jornada se entrevistaron con el Secretario Ejecutivo del Consejo Federal de Derechos Humanos, Alejandro Collia.<\/p>\n<p>En la charla con el  Asesor Mu\u00f1oz se avanz\u00f3 en la inquietud que existe en San Pedro sobre las medidas que se busca implementar para contar con un nuevo procedimiento para el tratamiento de residuos que posibilite resolver el impacto del basural a cielo abierto. Sobre este tema se present\u00f3 una nota de adhesi\u00f3n al programa del Ciudades Sustentables.<\/p>\n<p>Con el Secretario del Consejo Federal de Derechos Humanos y  Pluralismo Cultural se firm\u00f3 una carta de intenci\u00f3n de cooperaci\u00f3n y asistencia entre dicha Secretar\u00eda y la Municipalidad de San Pedro.  La misma expresa la voluntad de ambas partes de implementar estrategias que tiendan a extender e intensificar acciones de promoci\u00f3n de Derechos Humanos a nivel municipal. Tambi\u00e9n este acuerdo formaliza la incorporaci\u00f3n del municipio en la Red de Desarrollo Local con Enfoque de Derechos Humanos, donde queda establecido que el municipio adhiere a los Ejes del Primer Plan Nacional de Acci\u00f3n en Derechos Humanos (2017-2020), aprobado por decreto n\u00famero 1024\/2017.<\/p>\n","protected":false},"excerpt":{"rendered":"<p>El Intendente Municipal Cecilio Salazar mantuvo este mi\u00e9rcoles reuniones en la ciudad de Buenos Aires con Nahuel Mu\u00f1oz, Asesor de la Jefatura de Gabinete del Ministerio de Ambiente y Desarrollo Sustentable de Naci\u00f3n. Junto al jefe comunal asisti\u00f3 el concejal Dami\u00e1n Lafalce que particip\u00f3 de las reuniones. En la misma jornada se entrevistaron con el [&hellip;]<\/p>\n","protected":false},"author":4,"featured_media":36757,"comment_status":"open","ping_status":"closed","sticky":false,"template":"","format":"standard","meta":{"om_disable_all_campaigns":false,"_jetpack_memberships_contains_paid_content":false,"footnotes":""},"categories":[2,102],"tags":[],"class_list":["post-36756","post","type-post","status-publish","format-standard","has-post-thumbnail","hentry","category-locales","category-politica-locales"],"aioseo_notices":[],"gutentor_comment":0,"jetpack_featured_media_url":"https:\/\/eldiariodesanpedro.com.ar\/sitio\/wp-content\/uploads\/2018\/07\/pastedImage-1-6.png","jetpack_shortlink":"https:\/\/wp.me\/p6RhLt-9yQ","jetpack_sharing_enabled":true,"_links":{"self":[{"href":"https:\/\/eldiariodesanpedro.com.ar\/sitio\/wp-json\/wp\/v2\/posts\/36756","targetHints":{"allow":["GET"]}}],"collection":[{"href":"https:\/\/eldiariodesanpedro.com.ar\/sitio\/wp-json\/wp\/v2\/posts"}],"about":[{"href":"https:\/\/eldiariodesanpedro.com.ar\/sitio\/wp-json\/wp\/v2\/types\/post"}],"author":[{"embeddable":true,"href":"https:\/\/eldiariodesanpedro.com.ar\/sitio\/wp-json\/wp\/v2\/users\/4"}],"replies":[{"embeddable":true,"href":"https:\/\/eldiariodesanpedro.com.ar\/sitio\/wp-json\/wp\/v2\/comments?post=36756"}],"version-history":[{"count":1,"href":"https:\/\/eldiariodesanpedro.com.ar\/sitio\/wp-json\/wp\/v2\/posts\/36756\/revisions"}],"predecessor-version":[{"id":36758,"href":"https:\/\/eldiariodesanpedro.com.ar\/sitio\/wp-json\/wp\/v2\/posts\/36756\/revisions\/36758"}],"wp:featuredmedia":[{"embeddable":true,"href":"https:\/\/eldiariodesanpedro.com.ar\/sitio\/wp-json\/wp\/v2\/media\/36757"}],"wp:attachment":[{"href":"https:\/\/eldiariodesanpedro.com.ar\/sitio\/wp-json\/wp\/v2\/media?parent=36756"}],"wp:term":[{"taxonomy":"category","embeddable":true,"href":"https:\/\/eldiariodesanpedro.com.ar\/sitio\/wp-json\/wp\/v2\/categories?post=36756"},{"taxonomy":"post_tag","embeddable":true,"href":"https:\/\/eldiariodesanpedro.com.ar\/sitio\/wp-json\/wp\/v2\/tags?post=36756"}],"curies":[{"name":"wp","href":"https:\/\/api.w.org\/{rel}","templated":true}]}}