{"id":36746,"date":"2018-07-19T10:24:19","date_gmt":"2018-07-19T13:24:19","guid":{"rendered":"https:\/\/eldiariodesanpedro.com.ar\/sitio\/?p=36746"},"modified":"2018-07-19T10:24:19","modified_gmt":"2018-07-19T13:24:19","slug":"paro-de-medicos-y-profesionales-de-la-salud-bonaerenses","status":"publish","type":"post","link":"https:\/\/eldiariodesanpedro.com.ar\/sitio\/paro-de-medicos-y-profesionales-de-la-salud-bonaerenses\/","title":{"rendered":"Paro de m\u00e9dicos y profesionales de la salud bonaerenses"},"content":{"rendered":"<p><!-- VideographyWP Plugin Message: Automatic video embedding prevented by plugin options. --><br \/>\nDesde la Asociaci\u00f3n Sindical de Profesionales de la Salud de la Provincia de Buenos Aires (Cicop) convocaron a una medida de fuerza para este jueves en busca que el gobierno los convoque a una negociaci\u00f3n paritaria.<\/p>\n<p>La Asociaci\u00f3n Sindical de Profesionales de la Salud de la Provincia de Buenos Aires (Cicop) lleva a cabo este jueves un paro por 24 horas en reclamo salarial al gobierno bonaerense. Exigen una propuesta superadora del 15 por ciento de aumento. En caso de no tener una respuesta favorable a sus planteos, el mi\u00e9rcoles 25 realizar\u00e1n otra medida de fuerza.<\/p>\n<p>\u201cDecidimos dar continuidad al plan de lucha en curso definiendo dos nuevas medidas de fuerza el jueves 19, con un paro de 24 horas con acciones locales y regionales expresando el reclamo de nueva convocatoria paritaria con propuesta superadora e integral, mientras que el mi\u00e9rcoles 25 llevaremos a cabo una nueva medida de fuerza dando prioridad al desarrollo de las asambleas de cara al debate de prosecuci\u00f3n de acciones si no hubiera respuestas gubernamentales\u201d, expresaron desde el gremio.<\/p>\n<p>Asimismo se\u00f1alaron que \u201cel gobierno de Mar\u00eda Eugenia Vidal sigue sin retomar las negociaciones luego de la \u00fanica reuni\u00f3n formal mantenida, dando muestras de una falta de voluntad que se contradice abiertamente con sus expresiones p\u00fablicas\u201d.<\/p>\n<p>En cuanto a profundizar el reclamo con acciones junto al resto de los gremios estatales, indicaron que \u201clas conversaciones sostenidas en los \u00faltimos d\u00edas nos permiten avizorar la expectativa de volver a confluir con docentes, estatales y judiciales en medidas unitarias. Esa es la perspectiva que aparece en el horizonte para la semana del reinicio de clases\u201d.<\/p>\n<p>\u201cEntendemos indispensable que, ante pol\u00edticas oficiales que siguen afectando fuertemente la situaci\u00f3n de la clase trabajadora, podamos unificar las demandas para manifestar con una mayor fortaleza y posibilidades de \u00e9xito. La persistencia de la inflaci\u00f3n, el aumento del d\u00f3lar trasladado a los precios, el intento de confiscaci\u00f3n de conquistas hist\u00f3ricas, forman parte de decisiones del gobierno que nos perjudican\u201d, concluyeron.<\/p>\n","protected":false},"excerpt":{"rendered":"<p>Desde la Asociaci\u00f3n Sindical de Profesionales de la Salud de la Provincia de Buenos Aires (Cicop) convocaron a una medida de fuerza para este jueves en busca que el gobierno los convoque a una negociaci\u00f3n paritaria. La Asociaci\u00f3n Sindical de Profesionales de la Salud de la Provincia de Buenos Aires (Cicop) lleva a cabo este [&hellip;]<\/p>\n","protected":false},"author":4,"featured_media":36747,"comment_status":"open","ping_status":"closed","sticky":false,"template":"","format":"standard","meta":{"om_disable_all_campaigns":false,"_jetpack_memberships_contains_paid_content":false,"footnotes":""},"categories":[621],"tags":[],"class_list":["post-36746","post","type-post","status-publish","format-standard","has-post-thumbnail","hentry","category-regionales"],"aioseo_notices":[],"gutentor_comment":0,"jetpack_featured_media_url":"https:\/\/eldiariodesanpedro.com.ar\/sitio\/wp-content\/uploads\/2018\/07\/Cicop.jpg","jetpack_shortlink":"https:\/\/wp.me\/p6RhLt-9yG","jetpack_sharing_enabled":true,"_links":{"self":[{"href":"https:\/\/eldiariodesanpedro.com.ar\/sitio\/wp-json\/wp\/v2\/posts\/36746","targetHints":{"allow":["GET"]}}],"collection":[{"href":"https:\/\/eldiariodesanpedro.com.ar\/sitio\/wp-json\/wp\/v2\/posts"}],"about":[{"href":"https:\/\/eldiariodesanpedro.com.ar\/sitio\/wp-json\/wp\/v2\/types\/post"}],"author":[{"embeddable":true,"href":"https:\/\/eldiariodesanpedro.com.ar\/sitio\/wp-json\/wp\/v2\/users\/4"}],"replies":[{"embeddable":true,"href":"https:\/\/eldiariodesanpedro.com.ar\/sitio\/wp-json\/wp\/v2\/comments?post=36746"}],"version-history":[{"count":1,"href":"https:\/\/eldiariodesanpedro.com.ar\/sitio\/wp-json\/wp\/v2\/posts\/36746\/revisions"}],"predecessor-version":[{"id":36748,"href":"https:\/\/eldiariodesanpedro.com.ar\/sitio\/wp-json\/wp\/v2\/posts\/36746\/revisions\/36748"}],"wp:featuredmedia":[{"embeddable":true,"href":"https:\/\/eldiariodesanpedro.com.ar\/sitio\/wp-json\/wp\/v2\/media\/36747"}],"wp:attachment":[{"href":"https:\/\/eldiariodesanpedro.com.ar\/sitio\/wp-json\/wp\/v2\/media?parent=36746"}],"wp:term":[{"taxonomy":"category","embeddable":true,"href":"https:\/\/eldiariodesanpedro.com.ar\/sitio\/wp-json\/wp\/v2\/categories?post=36746"},{"taxonomy":"post_tag","embeddable":true,"href":"https:\/\/eldiariodesanpedro.com.ar\/sitio\/wp-json\/wp\/v2\/tags?post=36746"}],"curies":[{"name":"wp","href":"https:\/\/api.w.org\/{rel}","templated":true}]}}