{"id":36743,"date":"2018-07-19T10:22:00","date_gmt":"2018-07-19T13:22:00","guid":{"rendered":"https:\/\/eldiariodesanpedro.com.ar\/sitio\/?p=36743"},"modified":"2018-07-19T10:22:00","modified_gmt":"2018-07-19T13:22:00","slug":"ramallo-caso-johanna-rojas-la-fiscalia-sostiene-que-su-pareja-la-asesino","status":"publish","type":"post","link":"https:\/\/eldiariodesanpedro.com.ar\/sitio\/ramallo-caso-johanna-rojas-la-fiscalia-sostiene-que-su-pareja-la-asesino\/","title":{"rendered":"RAMALLO: Caso Johanna Rojas, la Fiscal\u00eda sostiene que su pareja la asesin\u00f3"},"content":{"rendered":"<p><!-- VideographyWP Plugin Message: Automatic video embedding prevented by plugin options. --><br \/>\nLa Fiscal Dra. Marcantonio sostuvo ante EL NORTE que en base a los elementos que cuenta en su poder lleg\u00f3 a la conclusi\u00f3n que la oficial de polic\u00eda no se suicid\u00f3 y que fue su pareja quien le peg\u00f3 el balazo en la cabeza. El hombre se present\u00f3 a declarar pasado el mediod\u00eda, pero se neg\u00f3 a hacerlo. Posteriormente la Jueza de Garant\u00edas N\u00ba 3, Dra. Mar\u00eda Eugenia Maiztegui dict\u00f3 la Prisi\u00f3n Preventiva.<\/p>\n<p>En la ma\u00f1ana de hoy se confirm\u00f3 que para la fiscal\u00eda actuante en el caso la muerte de la Oficial de Polic\u00eda, Johanna Soledad Rojas fue un asesinato y no un suicidio, como se lo present\u00f3 en un primer momento. Con los elementos secuestrados en la escena del crimen, las pericias y el testimonio de allegados a la v\u00edctima se fue armando el rompecabezas para que la justicia llegue a esa conclusi\u00f3n. Este sujeto, de 66 a\u00f1os de edad y desde hace casi 8 pareja de la joven mujer, la persona acusada de haber sido la mano ejecutora del crimen. Por estas horas continua alojado en la sede de la DDI de la ciudad de San Nicol\u00e1s, pero no se descarta que luego de la Prisi\u00f3n Preventiva que le dictara la Jueza de Garant\u00edas N\u00ba 3, Dra. Mar\u00eda Eugenia Maiztegui se produzca su traslado a una Unidad Penal bajo la imputaci\u00f3n de \u201cHomicidio agravado por el v\u00ednculo y femicidio\u201d.<\/p>\n<p>Los hechos<br \/>\nEl martes por la noche se conoci\u00f3 la noticia que daba cuenta sobre el suicidio de la Oficial de Polic\u00eda, Johanna Soledad Rojas. El cuerpo de la mujer hab\u00eda sido encontrado por su pareja en su casa, quien posteriormente dio aviso a la Estaci\u00f3n de Polic\u00eda Comunal Ramallo 2da. Jefatura, lugar en el que se desempe\u00f1aba laboralmente la joven, y cuyos efectivos fueron quienes confirmaron el hecho. En primera instancia la informaci\u00f3n que se manejaba era que la malograda Johanna hab\u00eda decidido quitarse la vida descerraj\u00e1ndose un balazo en su cabeza, pero hab\u00eda algunas situaciones que no le cerraba a la Titular de la UFI N\u00ba1, Dra. Ver\u00f3nica Marcantonio. \u201c Cuando ingres\u00e9 al lugar con polic\u00eda cient\u00edfica me encontr\u00e9 con la victima acostada boca arriba sobre la cama, con sangre en su rostro y el cr\u00e1neo, por lo que dispuse verificar el lugar donde ten\u00eda el impacto del proyectil. La Medica de Polic\u00eda me confirma que el disparo lo recibe en la sien derecha y con orificio de salida en la zona cercana a la oreja izquierda, que fue pr\u00e1cticamente horizontal y se conclu\u00eda que al recibirlo se encontraba sentada arriba de la cama por la altura de la pared en el que qued\u00f3 alojado el proyectil\u201d, inform\u00f3 en primer lugar. Posteriormente comenzaron a consultar a familiares y amigos de la victima sobre alg\u00fan tipo de situaci\u00f3n que hubiese estado viviendo que la haya llevado a tomar la decisi\u00f3n de quitarse la vida, pero la repuesta fue negativa de parte de todos y la recordaban como una chica que ten\u00eda muchos proyectos.<\/p>\n<p>Los caminos conduc\u00edan a la pareja<br \/>\nCon estos datos que no dejaban del todo firme la posibilidad de estar ante un suicidio se comenz\u00f3 a trabajar sobre la pareja de la mujer fallecida y ah\u00ed se fue armando el recorrido de ambas personas durante las horas previas a tomarse conocimiento de la muerte de la mujer polic\u00eda. Con esos datos, m\u00e1s la conclusi\u00f3n de la autopsia que se\u00f1ala como hora aproximada del deceso entre las 12 y las 15 de ese d\u00eda martes, las dudas comenzaron a recaer sobre la pareja de la mujer, afirm\u00f3 la Dra. Marcantonio:\u201d Sab\u00edamos que la v\u00edctima hab\u00eda viajado en horas de la ma\u00f1ana a la ciudad de San Nicol\u00e1s para hacer una consulta m\u00e9dica por un problema de columna regresando a su domicilio a las 12,30 y que su pareja estuvo en un bar de la localidad de Villa Ramallo hasta el mediod\u00eda de ese martes. Con datos anteriores y posteriores a esa hora logramos determinar que en el momento de la muerte, que seg\u00fan la autopista se habr\u00eda producido entre las 12,30 y las 15, ella y su pareja, la persona a quien ahora tengo como imputado, se encontraban en el domicilio. Este hombre reci\u00e9n sali\u00f3 de all\u00ed pasadas las 14,45 cuando lo fue a buscar su empleador y este \u00faltimo declar\u00f3 que en el momento de llegar a buscarlo le pregunt\u00f3 por Johanna y \u00e9l le respondi\u00f3 que volv\u00eda del m\u00e9dico alrededor de las 17 horas. Pero nosotros por dichos de una amiga que la llev\u00f3 a esa consulta ya ten\u00edamos acreditado que hab\u00eda regresado a las 12,30 y que una hora despu\u00e9s ya hab\u00eda dejado de tener actividad en su celular\u201d.<\/p>\n<p>A\u00fan faltan periciasLa Dra. Marcantonio reconoci\u00f3 que la investigaci\u00f3n reci\u00e9n est\u00e1 dando sus primer pasos, que a\u00fan no han pasado 48 horas de comenzar a trabajar en el caso, y que todav\u00eda falta el resultado de otras pericias que ser\u00e1n vitales para seguir avanzando en la causa. Una de ellas es la b\u00fasqueda de manchas de p\u00f3lvora en la v\u00edctima y el imputado. En ese sentido la Fiscal esgrimi\u00f3 que se realizaron estas pr\u00e1cticas en la mano derecha de Johanna Rojas, en ambas manos del imputado y en un par de guantes que este hombre ten\u00eda colocados en el momento que entr\u00f3 a la habitaci\u00f3n la hermana de Johanna, y que uno de ellos ten\u00eda manchas de sangre. Estas pruebas fueron trasladadas a la ciudad de La Plata y es una pericia que tarda algunos d\u00edas, seg\u00fan ella misma asegur\u00f3.<\/p>\n<p>Fuente: Diario El Norte<\/p>\n","protected":false},"excerpt":{"rendered":"<p>La Fiscal Dra. Marcantonio sostuvo ante EL NORTE que en base a los elementos que cuenta en su poder lleg\u00f3 a la conclusi\u00f3n que la oficial de polic\u00eda no se suicid\u00f3 y que fue su pareja quien le peg\u00f3 el balazo en la cabeza. El hombre se present\u00f3 a declarar pasado el mediod\u00eda, pero se [&hellip;]<\/p>\n","protected":false},"author":4,"featured_media":36744,"comment_status":"open","ping_status":"closed","sticky":false,"template":"","format":"standard","meta":{"om_disable_all_campaigns":false,"_jetpack_memberships_contains_paid_content":false,"footnotes":""},"categories":[621],"tags":[],"class_list":["post-36743","post","type-post","status-publish","format-standard","has-post-thumbnail","hentry","category-regionales"],"aioseo_notices":[],"gutentor_comment":0,"jetpack_featured_media_url":"https:\/\/eldiariodesanpedro.com.ar\/sitio\/wp-content\/uploads\/2018\/07\/elnorte5b4fd01361cf5_10-asesinato.jpg","jetpack_shortlink":"https:\/\/wp.me\/p6RhLt-9yD","jetpack_sharing_enabled":true,"_links":{"self":[{"href":"https:\/\/eldiariodesanpedro.com.ar\/sitio\/wp-json\/wp\/v2\/posts\/36743","targetHints":{"allow":["GET"]}}],"collection":[{"href":"https:\/\/eldiariodesanpedro.com.ar\/sitio\/wp-json\/wp\/v2\/posts"}],"about":[{"href":"https:\/\/eldiariodesanpedro.com.ar\/sitio\/wp-json\/wp\/v2\/types\/post"}],"author":[{"embeddable":true,"href":"https:\/\/eldiariodesanpedro.com.ar\/sitio\/wp-json\/wp\/v2\/users\/4"}],"replies":[{"embeddable":true,"href":"https:\/\/eldiariodesanpedro.com.ar\/sitio\/wp-json\/wp\/v2\/comments?post=36743"}],"version-history":[{"count":1,"href":"https:\/\/eldiariodesanpedro.com.ar\/sitio\/wp-json\/wp\/v2\/posts\/36743\/revisions"}],"predecessor-version":[{"id":36745,"href":"https:\/\/eldiariodesanpedro.com.ar\/sitio\/wp-json\/wp\/v2\/posts\/36743\/revisions\/36745"}],"wp:featuredmedia":[{"embeddable":true,"href":"https:\/\/eldiariodesanpedro.com.ar\/sitio\/wp-json\/wp\/v2\/media\/36744"}],"wp:attachment":[{"href":"https:\/\/eldiariodesanpedro.com.ar\/sitio\/wp-json\/wp\/v2\/media?parent=36743"}],"wp:term":[{"taxonomy":"category","embeddable":true,"href":"https:\/\/eldiariodesanpedro.com.ar\/sitio\/wp-json\/wp\/v2\/categories?post=36743"},{"taxonomy":"post_tag","embeddable":true,"href":"https:\/\/eldiariodesanpedro.com.ar\/sitio\/wp-json\/wp\/v2\/tags?post=36743"}],"curies":[{"name":"wp","href":"https:\/\/api.w.org\/{rel}","templated":true}]}}