{"id":36737,"date":"2018-07-19T10:16:16","date_gmt":"2018-07-19T13:16:16","guid":{"rendered":"https:\/\/eldiariodesanpedro.com.ar\/sitio\/?p=36737"},"modified":"2018-07-19T10:16:16","modified_gmt":"2018-07-19T13:16:16","slug":"lima-buscan-a-un-joven-limeno-desaparecido-desde-el-sabado-interviene-la-brigada-canina-k9-campana","status":"publish","type":"post","link":"https:\/\/eldiariodesanpedro.com.ar\/sitio\/lima-buscan-a-un-joven-limeno-desaparecido-desde-el-sabado-interviene-la-brigada-canina-k9-campana\/","title":{"rendered":"LIMA: Buscan a un joven lime\u00f1o desaparecido desde el s\u00e1bado. Interviene la Brigada Canina K9 Campana"},"content":{"rendered":"<p><!-- VideographyWP Plugin Message: Automatic video embedding prevented by plugin options. --><br \/>\nDavid Palomequi se ausent\u00f3 de su hogar el s\u00e1bado. Tiene problemas psiqui\u00e1tricos y se habr\u00eda ido en una bicicleta color bord\u00f3. Es buscado intensamente y este lunes fue convocada la Brigada Canina K9 Campana con la perra rescatista Jana.<\/p>\n<p>El joven de 30 a\u00f1os sali\u00f3 de su casa ubicada en la calle  4 N\u00b01385 el s\u00e1bado y desde ese d\u00eda no se sabe nada de \u00e9l. David fue diagnosticado con esquizofrenia y  su familia pide que todo aquel que tenga alg\u00fan dato se comunique a la brevedad al 3487-550733 o al 3487-648264.<\/p>\n<p>Al momento de su desaparici\u00f3n, manejaba una bicicleta color bord\u00f3 y vest\u00eda un buzo con capucha negro junto con un pantal\u00f3n del mismo color.<\/p>\n<p>Este lunes fue convocada la Brigada Canina K 9 Campana, con su perra rescatista Jana, para participar de la b\u00fasqueda. \u201cHasta el momento el resultado ha sido negativo\u201d, le se\u00f1alaba Francisco Gerber, referente de la entidad campanense.<\/p>\n<p>Este martes, seg\u00fan fuentes extraoficiales, se pidi\u00f3 el apoyo del Sistema Federal de B\u00fasqueda de Personas (Sifebu) y de la Direcci\u00f3n Nacional de Cinotecnia.<\/p>\n<p>Fuente: Enlace Cr\u00edtico<\/p>\n","protected":false},"excerpt":{"rendered":"<p>David Palomequi se ausent\u00f3 de su hogar el s\u00e1bado. Tiene problemas psiqui\u00e1tricos y se habr\u00eda ido en una bicicleta color bord\u00f3. Es buscado intensamente y este lunes fue convocada la Brigada Canina K9 Campana con la perra rescatista Jana. El joven de 30 a\u00f1os sali\u00f3 de su casa ubicada en la calle 4 N\u00b01385 el [&hellip;]<\/p>\n","protected":false},"author":4,"featured_media":36738,"comment_status":"open","ping_status":"closed","sticky":false,"template":"","format":"standard","meta":{"om_disable_all_campaigns":false,"_jetpack_memberships_contains_paid_content":false,"footnotes":""},"categories":[621],"tags":[],"class_list":["post-36737","post","type-post","status-publish","format-standard","has-post-thumbnail","hentry","category-regionales"],"aioseo_notices":[],"gutentor_comment":0,"jetpack_featured_media_url":"https:\/\/eldiariodesanpedro.com.ar\/sitio\/wp-content\/uploads\/2018\/07\/0FD44847-342E-4469-9983-AE0BAE379213-800x445_658x400.jpeg","jetpack_shortlink":"https:\/\/wp.me\/p6RhLt-9yx","jetpack_sharing_enabled":true,"_links":{"self":[{"href":"https:\/\/eldiariodesanpedro.com.ar\/sitio\/wp-json\/wp\/v2\/posts\/36737","targetHints":{"allow":["GET"]}}],"collection":[{"href":"https:\/\/eldiariodesanpedro.com.ar\/sitio\/wp-json\/wp\/v2\/posts"}],"about":[{"href":"https:\/\/eldiariodesanpedro.com.ar\/sitio\/wp-json\/wp\/v2\/types\/post"}],"author":[{"embeddable":true,"href":"https:\/\/eldiariodesanpedro.com.ar\/sitio\/wp-json\/wp\/v2\/users\/4"}],"replies":[{"embeddable":true,"href":"https:\/\/eldiariodesanpedro.com.ar\/sitio\/wp-json\/wp\/v2\/comments?post=36737"}],"version-history":[{"count":1,"href":"https:\/\/eldiariodesanpedro.com.ar\/sitio\/wp-json\/wp\/v2\/posts\/36737\/revisions"}],"predecessor-version":[{"id":36739,"href":"https:\/\/eldiariodesanpedro.com.ar\/sitio\/wp-json\/wp\/v2\/posts\/36737\/revisions\/36739"}],"wp:featuredmedia":[{"embeddable":true,"href":"https:\/\/eldiariodesanpedro.com.ar\/sitio\/wp-json\/wp\/v2\/media\/36738"}],"wp:attachment":[{"href":"https:\/\/eldiariodesanpedro.com.ar\/sitio\/wp-json\/wp\/v2\/media?parent=36737"}],"wp:term":[{"taxonomy":"category","embeddable":true,"href":"https:\/\/eldiariodesanpedro.com.ar\/sitio\/wp-json\/wp\/v2\/categories?post=36737"},{"taxonomy":"post_tag","embeddable":true,"href":"https:\/\/eldiariodesanpedro.com.ar\/sitio\/wp-json\/wp\/v2\/tags?post=36737"}],"curies":[{"name":"wp","href":"https:\/\/api.w.org\/{rel}","templated":true}]}}