{"id":36734,"date":"2018-07-19T10:12:10","date_gmt":"2018-07-19T13:12:10","guid":{"rendered":"https:\/\/eldiariodesanpedro.com.ar\/sitio\/?p=36734"},"modified":"2018-07-19T10:12:10","modified_gmt":"2018-07-19T13:12:10","slug":"baradero-la-produccion-de-tinelli-llega-a-baradero-a-filmar-el-sueno-del-gad","status":"publish","type":"post","link":"https:\/\/eldiariodesanpedro.com.ar\/sitio\/baradero-la-produccion-de-tinelli-llega-a-baradero-a-filmar-el-sueno-del-gad\/","title":{"rendered":"BARADERO: La producci\u00f3n de Tinelli llega a Baradero a filmar el sue\u00f1o del GAD"},"content":{"rendered":"<p><!-- VideographyWP Plugin Message: Automatic video embedding prevented by plugin options. --><br \/>\nEl equipo de producci\u00f3n del programa de Marcelo Tineelli, llegar\u00e1 a la ciudad de Baradero \u00e9ste pr\u00f3ximo viernes 20 de julio a las 14 horas y arribar\u00e1  a la sede del GAD, ubicada en Boedo 1217.<\/p>\n<p>La instituci\u00f3n convoca a toda la comunidad a hacerse presente en la sede para formar parte de lo que ser\u00e1 la filmaci\u00f3n de la presentaci\u00f3n del sue\u00f1o del GAD que saldr\u00e1 a la luz a partir del mes de agosto cuando se inicio la edici\u00f3n 2018 del \u201cBailando\u201d.<\/p>\n<p>Fuente: Baradero hoy<\/p>\n","protected":false},"excerpt":{"rendered":"<p>El equipo de producci\u00f3n del programa de Marcelo Tineelli, llegar\u00e1 a la ciudad de Baradero \u00e9ste pr\u00f3ximo viernes 20 de julio a las 14 horas y arribar\u00e1 a la sede del GAD, ubicada en Boedo 1217. La instituci\u00f3n convoca a toda la comunidad a hacerse presente en la sede para formar parte de lo que [&hellip;]<\/p>\n","protected":false},"author":4,"featured_media":36735,"comment_status":"open","ping_status":"closed","sticky":false,"template":"","format":"standard","meta":{"om_disable_all_campaigns":false,"_jetpack_memberships_contains_paid_content":false,"footnotes":""},"categories":[621],"tags":[],"class_list":["post-36734","post","type-post","status-publish","format-standard","has-post-thumbnail","hentry","category-regionales"],"aioseo_notices":[],"gutentor_comment":0,"jetpack_featured_media_url":"https:\/\/eldiariodesanpedro.com.ar\/sitio\/wp-content\/uploads\/2018\/07\/GAD-Bailando.jpg","jetpack_shortlink":"https:\/\/wp.me\/p6RhLt-9yu","jetpack_sharing_enabled":true,"_links":{"self":[{"href":"https:\/\/eldiariodesanpedro.com.ar\/sitio\/wp-json\/wp\/v2\/posts\/36734","targetHints":{"allow":["GET"]}}],"collection":[{"href":"https:\/\/eldiariodesanpedro.com.ar\/sitio\/wp-json\/wp\/v2\/posts"}],"about":[{"href":"https:\/\/eldiariodesanpedro.com.ar\/sitio\/wp-json\/wp\/v2\/types\/post"}],"author":[{"embeddable":true,"href":"https:\/\/eldiariodesanpedro.com.ar\/sitio\/wp-json\/wp\/v2\/users\/4"}],"replies":[{"embeddable":true,"href":"https:\/\/eldiariodesanpedro.com.ar\/sitio\/wp-json\/wp\/v2\/comments?post=36734"}],"version-history":[{"count":1,"href":"https:\/\/eldiariodesanpedro.com.ar\/sitio\/wp-json\/wp\/v2\/posts\/36734\/revisions"}],"predecessor-version":[{"id":36736,"href":"https:\/\/eldiariodesanpedro.com.ar\/sitio\/wp-json\/wp\/v2\/posts\/36734\/revisions\/36736"}],"wp:featuredmedia":[{"embeddable":true,"href":"https:\/\/eldiariodesanpedro.com.ar\/sitio\/wp-json\/wp\/v2\/media\/36735"}],"wp:attachment":[{"href":"https:\/\/eldiariodesanpedro.com.ar\/sitio\/wp-json\/wp\/v2\/media?parent=36734"}],"wp:term":[{"taxonomy":"category","embeddable":true,"href":"https:\/\/eldiariodesanpedro.com.ar\/sitio\/wp-json\/wp\/v2\/categories?post=36734"},{"taxonomy":"post_tag","embeddable":true,"href":"https:\/\/eldiariodesanpedro.com.ar\/sitio\/wp-json\/wp\/v2\/tags?post=36734"}],"curies":[{"name":"wp","href":"https:\/\/api.w.org\/{rel}","templated":true}]}}