{"id":36730,"date":"2018-07-19T10:01:40","date_gmt":"2018-07-19T13:01:40","guid":{"rendered":"https:\/\/eldiariodesanpedro.com.ar\/sitio\/?p=36730"},"modified":"2018-07-19T11:40:39","modified_gmt":"2018-07-19T14:40:39","slug":"jovenes-aprehendidos-por-agredir-al-personal-policial-con-un-arma-blanca","status":"publish","type":"post","link":"https:\/\/eldiariodesanpedro.com.ar\/sitio\/jovenes-aprehendidos-por-agredir-al-personal-policial-con-un-arma-blanca\/","title":{"rendered":"J\u00f3venes aprehendidos por agredir al personal policial con un arma blanca"},"content":{"rendered":"<p><!-- VideographyWP Plugin Message: Automatic video embedding prevented by plugin options. --><br \/>\n En  el marco de continuos operativos de prevenci\u00f3n modalidad motochorros, personal policial de Comisaria Local,  dispuesto por la superioridad, procedi\u00f3 a la interceptaci\u00f3n en la intersecci\u00f3n de las calles Gral. Pueyrred\u00f3n e Ituzaing\u00f3,  de una motocicleta 150cc tripulada por tres individuos, dos j\u00f3venes masculinos  y una joven femenina.<br \/>\nAnte proceder mostraron actitud hostil, al mismo tiempo que la joven exhibe un arma blanca increpando a  los efectivos policiales e intentando emprender fuga al  igual que el  resto de los ocupantes, procedi\u00e9ndose  a la  aprehensi\u00f3n  de   los mismos y  secuestro  de rodado.<\/p>\n<p>Se traslad\u00f3 a los agresores a la dependencia policial, resultando un masculino mayor de edad mientras el restante y la mujer menores. Investiga el hecho la fiscal\u00eda Juvenil de San Nicol\u00e1s, quien dispuso la libertad de los aprehendidos, mientras que la moto por carecer de papeleta obligatoria quedo a disposici\u00f3n del Juzgado de Faltas Local.<\/p>\n","protected":false},"excerpt":{"rendered":"<p>En el marco de continuos operativos de prevenci\u00f3n modalidad motochorros, personal policial de Comisaria Local, dispuesto por la superioridad, procedi\u00f3 a la interceptaci\u00f3n en la intersecci\u00f3n de las calles Gral. Pueyrred\u00f3n e Ituzaing\u00f3, de una motocicleta 150cc tripulada por tres individuos, dos j\u00f3venes masculinos y una joven femenina. Ante proceder mostraron actitud hostil, al mismo [&hellip;]<\/p>\n","protected":false},"author":4,"featured_media":33688,"comment_status":"open","ping_status":"closed","sticky":false,"template":"","format":"standard","meta":{"om_disable_all_campaigns":false,"_jetpack_memberships_contains_paid_content":false,"footnotes":""},"categories":[50,2,103],"tags":[],"class_list":["post-36730","post","type-post","status-publish","format-standard","has-post-thumbnail","hentry","category-destacadas","category-locales","category-policiales-locales"],"aioseo_notices":[],"gutentor_comment":0,"jetpack_featured_media_url":"https:\/\/eldiariodesanpedro.com.ar\/sitio\/wp-content\/uploads\/2018\/05\/detenidos-4.jpg","jetpack_shortlink":"https:\/\/wp.me\/p6RhLt-9yq","jetpack_sharing_enabled":true,"_links":{"self":[{"href":"https:\/\/eldiariodesanpedro.com.ar\/sitio\/wp-json\/wp\/v2\/posts\/36730","targetHints":{"allow":["GET"]}}],"collection":[{"href":"https:\/\/eldiariodesanpedro.com.ar\/sitio\/wp-json\/wp\/v2\/posts"}],"about":[{"href":"https:\/\/eldiariodesanpedro.com.ar\/sitio\/wp-json\/wp\/v2\/types\/post"}],"author":[{"embeddable":true,"href":"https:\/\/eldiariodesanpedro.com.ar\/sitio\/wp-json\/wp\/v2\/users\/4"}],"replies":[{"embeddable":true,"href":"https:\/\/eldiariodesanpedro.com.ar\/sitio\/wp-json\/wp\/v2\/comments?post=36730"}],"version-history":[{"count":1,"href":"https:\/\/eldiariodesanpedro.com.ar\/sitio\/wp-json\/wp\/v2\/posts\/36730\/revisions"}],"predecessor-version":[{"id":36732,"href":"https:\/\/eldiariodesanpedro.com.ar\/sitio\/wp-json\/wp\/v2\/posts\/36730\/revisions\/36732"}],"wp:featuredmedia":[{"embeddable":true,"href":"https:\/\/eldiariodesanpedro.com.ar\/sitio\/wp-json\/wp\/v2\/media\/33688"}],"wp:attachment":[{"href":"https:\/\/eldiariodesanpedro.com.ar\/sitio\/wp-json\/wp\/v2\/media?parent=36730"}],"wp:term":[{"taxonomy":"category","embeddable":true,"href":"https:\/\/eldiariodesanpedro.com.ar\/sitio\/wp-json\/wp\/v2\/categories?post=36730"},{"taxonomy":"post_tag","embeddable":true,"href":"https:\/\/eldiariodesanpedro.com.ar\/sitio\/wp-json\/wp\/v2\/tags?post=36730"}],"curies":[{"name":"wp","href":"https:\/\/api.w.org\/{rel}","templated":true}]}}