{"id":36727,"date":"2018-07-19T09:44:54","date_gmt":"2018-07-19T12:44:54","guid":{"rendered":"https:\/\/eldiariodesanpedro.com.ar\/sitio\/?p=36727"},"modified":"2018-07-19T09:44:54","modified_gmt":"2018-07-19T12:44:54","slug":"vecinos-evitaron-el-robo-y-redujeron-al-delincuente-hasta-llegar-la-policia","status":"publish","type":"post","link":"https:\/\/eldiariodesanpedro.com.ar\/sitio\/vecinos-evitaron-el-robo-y-redujeron-al-delincuente-hasta-llegar-la-policia\/","title":{"rendered":"Vecinos evitaron el robo y redujeron al delincuente hasta llegar la polic\u00eda"},"content":{"rendered":"<p><!-- VideographyWP Plugin Message: Automatic video embedding prevented by plugin options. --><br \/>\nEl hecho ocurri\u00f3 en la noche del mi\u00e9rcoles, cuando un joven de 18 a\u00f1os fue sorprendido por un delincuente de 27, donde comenz\u00f3 agredir f\u00edsicamente para robarle el celular y fue visto por los vecinos, quienes defendieron a la v\u00edctima y redujeron al ladr\u00f3n hasta llegar los efectivos policiales.<\/p>\n<p>El evento ocurri\u00f3 en intersecci\u00f3n de las calles Pav\u00f3n y Jos\u00e9 Hern\u00e1ndez donde el personal policial acude a ra\u00edz de un llamado de alerta al 911.<\/p>\n<p>El malhechor fue trasladado a la Dependencia Local secuestr\u00e1ndose un arma blanca casera que utilizar\u00eda para el il\u00edcito y como consecuencia el joven agredido sufri\u00f3 escoriaciones leves.<\/p>\n<p>Investiga el hecho la Fiscal\u00eda en turno de San Pedro, permaneciendo el autor alojado en la comisaria imputado por el delito de referencia.<\/p>\n","protected":false},"excerpt":{"rendered":"<p>El hecho ocurri\u00f3 en la noche del mi\u00e9rcoles, cuando un joven de 18 a\u00f1os fue sorprendido por un delincuente de 27, donde comenz\u00f3 agredir f\u00edsicamente para robarle el celular y fue visto por los vecinos, quienes defendieron a la v\u00edctima y redujeron al ladr\u00f3n hasta llegar los efectivos policiales. El evento ocurri\u00f3 en intersecci\u00f3n de [&hellip;]<\/p>\n","protected":false},"author":4,"featured_media":36728,"comment_status":"open","ping_status":"closed","sticky":false,"template":"","format":"standard","meta":{"om_disable_all_campaigns":false,"_jetpack_memberships_contains_paid_content":false,"footnotes":""},"categories":[50,2,103],"tags":[],"class_list":["post-36727","post","type-post","status-publish","format-standard","has-post-thumbnail","hentry","category-destacadas","category-locales","category-policiales-locales"],"aioseo_notices":[],"gutentor_comment":0,"jetpack_featured_media_url":"https:\/\/eldiariodesanpedro.com.ar\/sitio\/wp-content\/uploads\/2018\/07\/centro-robos-celulares-2--e1532004267795.jpg","jetpack_shortlink":"https:\/\/wp.me\/p6RhLt-9yn","jetpack_sharing_enabled":true,"_links":{"self":[{"href":"https:\/\/eldiariodesanpedro.com.ar\/sitio\/wp-json\/wp\/v2\/posts\/36727","targetHints":{"allow":["GET"]}}],"collection":[{"href":"https:\/\/eldiariodesanpedro.com.ar\/sitio\/wp-json\/wp\/v2\/posts"}],"about":[{"href":"https:\/\/eldiariodesanpedro.com.ar\/sitio\/wp-json\/wp\/v2\/types\/post"}],"author":[{"embeddable":true,"href":"https:\/\/eldiariodesanpedro.com.ar\/sitio\/wp-json\/wp\/v2\/users\/4"}],"replies":[{"embeddable":true,"href":"https:\/\/eldiariodesanpedro.com.ar\/sitio\/wp-json\/wp\/v2\/comments?post=36727"}],"version-history":[{"count":1,"href":"https:\/\/eldiariodesanpedro.com.ar\/sitio\/wp-json\/wp\/v2\/posts\/36727\/revisions"}],"predecessor-version":[{"id":36729,"href":"https:\/\/eldiariodesanpedro.com.ar\/sitio\/wp-json\/wp\/v2\/posts\/36727\/revisions\/36729"}],"wp:featuredmedia":[{"embeddable":true,"href":"https:\/\/eldiariodesanpedro.com.ar\/sitio\/wp-json\/wp\/v2\/media\/36728"}],"wp:attachment":[{"href":"https:\/\/eldiariodesanpedro.com.ar\/sitio\/wp-json\/wp\/v2\/media?parent=36727"}],"wp:term":[{"taxonomy":"category","embeddable":true,"href":"https:\/\/eldiariodesanpedro.com.ar\/sitio\/wp-json\/wp\/v2\/categories?post=36727"},{"taxonomy":"post_tag","embeddable":true,"href":"https:\/\/eldiariodesanpedro.com.ar\/sitio\/wp-json\/wp\/v2\/tags?post=36727"}],"curies":[{"name":"wp","href":"https:\/\/api.w.org\/{rel}","templated":true}]}}