{"id":36722,"date":"2018-07-19T09:20:07","date_gmt":"2018-07-19T12:20:07","guid":{"rendered":"https:\/\/eldiariodesanpedro.com.ar\/sitio\/?p=36722"},"modified":"2018-07-19T09:20:07","modified_gmt":"2018-07-19T12:20:07","slug":"un-joven-aprehendido-por-pedido-de-paradero-activo","status":"publish","type":"post","link":"https:\/\/eldiariodesanpedro.com.ar\/sitio\/un-joven-aprehendido-por-pedido-de-paradero-activo\/","title":{"rendered":"Un joven aprehendido por pedido de paradero activo"},"content":{"rendered":"<p><!-- VideographyWP Plugin Message: Automatic video embedding prevented by plugin options. --><br \/>\nEl mi\u00e9rcoles por la ma\u00f1ana, se procedi\u00f3 a la aprehensi\u00f3n, a ra\u00edz de identificaci\u00f3n ordinaria, de un joven de 27 a\u00f1os de edad que registraba pedido de paradero activo a solicitud del Tribunal Criminal N\u00ba1 de San Nicol\u00e1s, desde el a\u00f1o 2017.<\/p>\n<p>El joven oriundo de nuestra ciudad, se encontraba sobre calle Auli  al 500 momentos en que fue trasladado a la Dependencia Local, que tras recaudos legales, recupero su libertad.<\/p>\n","protected":false},"excerpt":{"rendered":"<p>El mi\u00e9rcoles por la ma\u00f1ana, se procedi\u00f3 a la aprehensi\u00f3n, a ra\u00edz de identificaci\u00f3n ordinaria, de un joven de 27 a\u00f1os de edad que registraba pedido de paradero activo a solicitud del Tribunal Criminal N\u00ba1 de San Nicol\u00e1s, desde el a\u00f1o 2017. El joven oriundo de nuestra ciudad, se encontraba sobre calle Auli al 500 [&hellip;]<\/p>\n","protected":false},"author":4,"featured_media":30195,"comment_status":"open","ping_status":"closed","sticky":false,"template":"","format":"standard","meta":{"om_disable_all_campaigns":false,"_jetpack_memberships_contains_paid_content":false,"footnotes":""},"categories":[2,103],"tags":[],"class_list":["post-36722","post","type-post","status-publish","format-standard","has-post-thumbnail","hentry","category-locales","category-policiales-locales"],"aioseo_notices":[],"gutentor_comment":0,"jetpack_featured_media_url":"https:\/\/eldiariodesanpedro.com.ar\/sitio\/wp-content\/uploads\/2018\/03\/Aprehendido-y-ofuscado.jpg","jetpack_shortlink":"https:\/\/wp.me\/p6RhLt-9yi","jetpack_sharing_enabled":true,"_links":{"self":[{"href":"https:\/\/eldiariodesanpedro.com.ar\/sitio\/wp-json\/wp\/v2\/posts\/36722","targetHints":{"allow":["GET"]}}],"collection":[{"href":"https:\/\/eldiariodesanpedro.com.ar\/sitio\/wp-json\/wp\/v2\/posts"}],"about":[{"href":"https:\/\/eldiariodesanpedro.com.ar\/sitio\/wp-json\/wp\/v2\/types\/post"}],"author":[{"embeddable":true,"href":"https:\/\/eldiariodesanpedro.com.ar\/sitio\/wp-json\/wp\/v2\/users\/4"}],"replies":[{"embeddable":true,"href":"https:\/\/eldiariodesanpedro.com.ar\/sitio\/wp-json\/wp\/v2\/comments?post=36722"}],"version-history":[{"count":1,"href":"https:\/\/eldiariodesanpedro.com.ar\/sitio\/wp-json\/wp\/v2\/posts\/36722\/revisions"}],"predecessor-version":[{"id":36723,"href":"https:\/\/eldiariodesanpedro.com.ar\/sitio\/wp-json\/wp\/v2\/posts\/36722\/revisions\/36723"}],"wp:featuredmedia":[{"embeddable":true,"href":"https:\/\/eldiariodesanpedro.com.ar\/sitio\/wp-json\/wp\/v2\/media\/30195"}],"wp:attachment":[{"href":"https:\/\/eldiariodesanpedro.com.ar\/sitio\/wp-json\/wp\/v2\/media?parent=36722"}],"wp:term":[{"taxonomy":"category","embeddable":true,"href":"https:\/\/eldiariodesanpedro.com.ar\/sitio\/wp-json\/wp\/v2\/categories?post=36722"},{"taxonomy":"post_tag","embeddable":true,"href":"https:\/\/eldiariodesanpedro.com.ar\/sitio\/wp-json\/wp\/v2\/tags?post=36722"}],"curies":[{"name":"wp","href":"https:\/\/api.w.org\/{rel}","templated":true}]}}